{"id":19780,"date":"2015-06-01T15:49:15","date_gmt":"2015-06-01T14:49:15","guid":{"rendered":"https:\/\/calbernadas.com\/fr\/?p=19780"},"modified":"2017-12-11T12:27:04","modified_gmt":"2017-12-11T11:27:04","slug":"annafeliu-estrenem-temporada-bloguera","status":"publish","type":"post","link":"https:\/\/calbernadas.com\/fr\/blog\/annafeliu-estrenem-temporada-bloguera\/","title":{"rendered":"ANNA&#038;FELIU. ESTRENEM TEMPORADA BLOGUERA!"},"content":{"rendered":"<p>[vc_row][vc_column][vc_custom_heading text=\u00a0\u00bbIniciamos temporada!\u00a0\u00bb][\/vc_column][\/vc_row][vc_row][vc_column][vc_column_text]Despu\u00e9s de una\u00a0parada bastante larga, \u00a1volvemos a encender los motores de nuestro blog! Ya nos han empezado a llegar fotograf\u00edas de bodas de este 2015 en nuestra mas\u00eda <a href=\"https:\/\/calbernadas.com\/ca\/turisme-rural\/el-munt\/\">El Munt<\/a>, \u00a1y nos morimos de ganas de compartirlas con todos vosotros! Todas ellas muy diferentes y cada una con su toque personal.<\/p>\n<p><!--more-->Y aqu\u00ed empezamos, con\u00a0la boda de Anna y Feliu, una pareja con las ideas muy claras y muy marchosa, que inicio la temporada de bodas 2015 la primavera pasada.<\/p>\n<p>Una boda de tarde, que comenz\u00f3 con una ceremonia religiosa a la bonita iglesia de Santa Maria de Palau-Solit\u00e0 y continu\u00f3 en nuestra mas\u00eda El Munt. Los invitados recibieron\u00a0los novios en El Munt con una gran batucada en la era de la casa y sigui\u00f3 con un exquisito c\u00f2ctel en el jard\u00edn. M\u00fasica en directo, buena comida y \u00a1mucho ambiente! Y despu\u00e9s de la tarta de boda, hecho por una amiga de los novios, la fiesta sigui\u00f3 en las antiguas caballerizas que, por cierto, \u00bfhav\u00e9is visto que bonitas han quedado tras\u00a0la reforma del pasado invierno?<\/p>\n<p>De la boda de Anna y Feliu destacamos, sobre todo, las decoraciones hechas totalmente por ellos. Concretamente por una familiar que queremos felicitar por su buen gusto y efectividad! Destacamos, tambi\u00e9n, la simpat\u00eda y profesionalidad del catering, y por \u00faltimo, el punto estrella para terminar la noche: \u00a1la Creperie de Mari\u00f6ne! \u00a1\u00a1\u00a1mmmmm!!![\/vc_column_text][\/vc_column][\/vc_row][vc_row][vc_column][vc_gallery type=\u00a0\u00bbimage_grid\u00a0\u00bb images=\u00a0\u00bb17239,17237,17238,17236,17242,17243,17244,17241,17245,17246,17247,17248,17249,17250,17251,17252,17240,17253,17254,17255,17258,17256,17266&Prime; img_size=\u00a0\u00bbfull\u00a0\u00bb][\/vc_column][\/vc_row][vc_row][vc_column][vc_column_text]<\/p>\n<p style=\"text-align: center;\">Mas\u00eda <a href=\"https:\/\/calbernadas.com\/ca\/celebracions\/el-munt\/\">El Munt. Cal Bernad\u00e0s<\/a><\/p>\n<p style=\"text-align: center;\">Catering: <a href=\"http:\/\/mallolcatering.com\/\">Mallol<\/a><\/p>\n<p style=\"text-align: center;\">Fotograf\u00eda: <a href=\"http:\/\/www.bsfotografia.com\/ca\">Nebari Estudi<\/a><\/p>\n<p>[\/vc_column_text][vc_empty_space height=\u00a0\u00bb80px\u00a0\u00bb][\/vc_column][\/vc_row][vc_row][vc_column][vc_separator][\/vc_column][\/vc_row]<\/p>\n","protected":false},"excerpt":{"rendered":"<p>[vc_row][vc_column][vc_custom_heading text=\u00a0\u00bbIniciamos temporada!\u00a0\u00bb][\/vc_column][\/vc_row][vc_row][vc_column][vc_column_text]Despu\u00e9s de una\u00a0parada bastante larga, \u00a1volvemos a encender los motores de nuestro blog! Ya nos han empezado a [&hellip;]<\/p>\n","protected":false},"author":1,"featured_media":17258,"comment_status":"open","ping_status":"open","sticky":false,"template":"","format":"standard","meta":{"footnotes":""},"categories":[166,243],"tags":[],"yoast_head":"<!-- This site is optimized with the Yoast SEO plugin v21.5 - https:\/\/yoast.com\/wordpress\/plugins\/seo\/ -->\n<title>ANNA&amp;FELIU. ESTRENEM TEMPORADA BLOGUERA! - Cal Bernad\u00e0s<\/title>\n<meta name=\"robots\" content=\"index, follow, max-snippet:-1, max-image-preview:large, max-video-preview:-1\" \/>\n<link rel=\"canonical\" href=\"https:\/\/calbernadas.com\/ca\/blog\/af-estrenem-temporada-bloguera-2\/\" \/>\n<meta property=\"og:locale\" content=\"fr_FR\" \/>\n<meta property=\"og:type\" content=\"article\" \/>\n<meta property=\"og:title\" content=\"ANNA&amp;FELIU. ESTRENEM TEMPORADA BLOGUERA! - Cal Bernad\u00e0s\" \/>\n<meta property=\"og:description\" content=\"[vc_row][vc_column][vc_custom_heading text=\u00a0\u00bbIniciamos temporada!\u00a0\u00bb][\/vc_column][\/vc_row][vc_row][vc_column][vc_column_text]Despu\u00e9s de una\u00a0parada bastante larga, \u00a1volvemos a encender los motores de nuestro blog! Ya nos han empezado a [&hellip;]\" \/>\n<meta property=\"og:url\" content=\"https:\/\/calbernadas.com\/ca\/blog\/af-estrenem-temporada-bloguera-2\/\" \/>\n<meta property=\"og:site_name\" content=\"Cal Bernad\u00e0s\" \/>\n<meta property=\"article:publisher\" content=\"https:\/\/www.facebook.com\/calbernadas\" \/>\n<meta property=\"article:published_time\" content=\"2015-06-01T14:49:15+00:00\" \/>\n<meta property=\"article:modified_time\" content=\"2017-12-11T11:27:04+00:00\" \/>\n<meta property=\"og:image\" content=\"https:\/\/calbernadas.com\/wp-content\/uploads\/2017\/03\/Casament_AnnaFeliu_El-Munt-23.jpg\" \/>\n\t<meta property=\"og:image:width\" content=\"878\" \/>\n\t<meta property=\"og:image:height\" content=\"567\" \/>\n\t<meta property=\"og:image:type\" content=\"image\/jpeg\" \/>\n<meta name=\"author\" content=\"admin\" \/>\n<meta name=\"twitter:card\" content=\"summary_large_image\" \/>\n<meta name=\"twitter:creator\" content=\"@calbernadas\" \/>\n<meta name=\"twitter:site\" content=\"@calbernadas\" \/>\n<meta name=\"twitter:label1\" content=\"\u00c9crit par\" \/>\n\t<meta name=\"twitter:data1\" content=\"admin\" \/>\n\t<meta name=\"twitter:label2\" content=\"Dur\u00e9e de lecture estim\u00e9e\" \/>\n\t<meta name=\"twitter:data2\" content=\"2 minutes\" \/>\n<script type=\"application\/ld+json\" class=\"yoast-schema-graph\">{\"@context\":\"https:\/\/schema.org\",\"@graph\":[{\"@type\":\"Article\",\"@id\":\"https:\/\/calbernadas.com\/ca\/blog\/af-estrenem-temporada-bloguera-2\/#article\",\"isPartOf\":{\"@id\":\"https:\/\/calbernadas.com\/ca\/blog\/af-estrenem-temporada-bloguera-2\/\"},\"author\":{\"name\":\"admin\",\"@id\":\"https:\/\/calbernadas.com\/ca\/#\/schema\/person\/46093f07ff08bb892ace34b313f5c126\"},\"headline\":\"ANNA&#038;FELIU. ESTRENEM TEMPORADA BLOGUERA!\",\"datePublished\":\"2015-06-01T14:49:15+00:00\",\"dateModified\":\"2017-12-11T11:27:04+00:00\",\"mainEntityOfPage\":{\"@id\":\"https:\/\/calbernadas.com\/ca\/blog\/af-estrenem-temporada-bloguera-2\/\"},\"wordCount\":333,\"commentCount\":0,\"publisher\":{\"@id\":\"https:\/\/calbernadas.com\/ca\/#organization\"},\"articleSection\":[\"C\u00e9l\u00e9brations\",\"C\u00e9l\u00e9brations_El Munt\"],\"inLanguage\":\"fr-FR\"},{\"@type\":\"WebPage\",\"@id\":\"https:\/\/calbernadas.com\/ca\/blog\/af-estrenem-temporada-bloguera-2\/\",\"url\":\"https:\/\/calbernadas.com\/ca\/blog\/af-estrenem-temporada-bloguera-2\/\",\"name\":\"ANNA&FELIU. ESTRENEM TEMPORADA BLOGUERA! - Cal Bernad\u00e0s\",\"isPartOf\":{\"@id\":\"https:\/\/calbernadas.com\/ca\/#website\"},\"datePublished\":\"2015-06-01T14:49:15+00:00\",\"dateModified\":\"2017-12-11T11:27:04+00:00\",\"breadcrumb\":{\"@id\":\"https:\/\/calbernadas.com\/ca\/blog\/af-estrenem-temporada-bloguera-2\/#breadcrumb\"},\"inLanguage\":\"fr-FR\",\"potentialAction\":[{\"@type\":\"ReadAction\",\"target\":[\"https:\/\/calbernadas.com\/ca\/blog\/af-estrenem-temporada-bloguera-2\/\"]}]},{\"@type\":\"BreadcrumbList\",\"@id\":\"https:\/\/calbernadas.com\/ca\/blog\/af-estrenem-temporada-bloguera-2\/#breadcrumb\",\"itemListElement\":[{\"@type\":\"ListItem\",\"position\":1,\"name\":\"Portada\",\"item\":\"https:\/\/calbernadas.com\/fr\/\"},{\"@type\":\"ListItem\",\"position\":2,\"name\":\"ANNA&#038;FELIU. ESTRENEM TEMPORADA BLOGUERA!\"}]},{\"@type\":\"WebSite\",\"@id\":\"https:\/\/calbernadas.com\/ca\/#website\",\"url\":\"https:\/\/calbernadas.com\/ca\/\",\"name\":\"Cal Bernad\u00e0s\",\"description\":\"Turisme rural\",\"publisher\":{\"@id\":\"https:\/\/calbernadas.com\/ca\/#organization\"},\"potentialAction\":[{\"@type\":\"SearchAction\",\"target\":{\"@type\":\"EntryPoint\",\"urlTemplate\":\"https:\/\/calbernadas.com\/ca\/?s={search_term_string}\"},\"query-input\":\"required name=search_term_string\"}],\"inLanguage\":\"fr-FR\"},{\"@type\":\"Organization\",\"@id\":\"https:\/\/calbernadas.com\/ca\/#organization\",\"name\":\"Cal Bernad\u00e0s\",\"url\":\"https:\/\/calbernadas.com\/ca\/\",\"logo\":{\"@type\":\"ImageObject\",\"inLanguage\":\"fr-FR\",\"@id\":\"https:\/\/calbernadas.com\/ca\/#\/schema\/logo\/image\/\",\"url\":\"https:\/\/calbernadas.com\/wp-content\/uploads\/2017\/03\/logo_calbernadas2.png\",\"contentUrl\":\"https:\/\/calbernadas.com\/wp-content\/uploads\/2017\/03\/logo_calbernadas2.png\",\"width\":169,\"height\":156,\"caption\":\"Cal Bernad\u00e0s\"},\"image\":{\"@id\":\"https:\/\/calbernadas.com\/ca\/#\/schema\/logo\/image\/\"},\"sameAs\":[\"https:\/\/www.facebook.com\/calbernadas\",\"https:\/\/twitter.com\/calbernadas\",\"https:\/\/instagram.com\/calbernadas\/\",\"http:\/\/www.youtube.es\/calbernadas\"]},{\"@type\":\"Person\",\"@id\":\"https:\/\/calbernadas.com\/ca\/#\/schema\/person\/46093f07ff08bb892ace34b313f5c126\",\"name\":\"admin\",\"image\":{\"@type\":\"ImageObject\",\"inLanguage\":\"fr-FR\",\"@id\":\"https:\/\/calbernadas.com\/ca\/#\/schema\/person\/image\/\",\"url\":\"https:\/\/secure.gravatar.com\/avatar\/aeeb8379a9b592e498740f09863f0d96?s=96&d=mm&r=g\",\"contentUrl\":\"https:\/\/secure.gravatar.com\/avatar\/aeeb8379a9b592e498740f09863f0d96?s=96&d=mm&r=g\",\"caption\":\"admin\"},\"url\":\"https:\/\/calbernadas.com\/fr\/blog\/author\/admin\/\"}]}<\/script>\n<!-- \/ Yoast SEO plugin. -->","yoast_head_json":{"title":"ANNA&FELIU. ESTRENEM TEMPORADA BLOGUERA! - Cal Bernad\u00e0s","robots":{"index":"index","follow":"follow","max-snippet":"max-snippet:-1","max-image-preview":"max-image-preview:large","max-video-preview":"max-video-preview:-1"},"canonical":"https:\/\/calbernadas.com\/ca\/blog\/af-estrenem-temporada-bloguera-2\/","og_locale":"fr_FR","og_type":"article","og_title":"ANNA&FELIU. ESTRENEM TEMPORADA BLOGUERA! - Cal Bernad\u00e0s","og_description":"[vc_row][vc_column][vc_custom_heading text=\u00a0\u00bbIniciamos temporada!\u00a0\u00bb][\/vc_column][\/vc_row][vc_row][vc_column][vc_column_text]Despu\u00e9s de una\u00a0parada bastante larga, \u00a1volvemos a encender los motores de nuestro blog! Ya nos han empezado a [&hellip;]","og_url":"https:\/\/calbernadas.com\/ca\/blog\/af-estrenem-temporada-bloguera-2\/","og_site_name":"Cal Bernad\u00e0s","article_publisher":"https:\/\/www.facebook.com\/calbernadas","article_published_time":"2015-06-01T14:49:15+00:00","article_modified_time":"2017-12-11T11:27:04+00:00","og_image":[{"width":878,"height":567,"url":"https:\/\/calbernadas.com\/wp-content\/uploads\/2017\/03\/Casament_AnnaFeliu_El-Munt-23.jpg","type":"image\/jpeg"}],"author":"admin","twitter_card":"summary_large_image","twitter_creator":"@calbernadas","twitter_site":"@calbernadas","twitter_misc":{"\u00c9crit par":"admin","Dur\u00e9e de lecture estim\u00e9e":"2 minutes"},"schema":{"@context":"https:\/\/schema.org","@graph":[{"@type":"Article","@id":"https:\/\/calbernadas.com\/ca\/blog\/af-estrenem-temporada-bloguera-2\/#article","isPartOf":{"@id":"https:\/\/calbernadas.com\/ca\/blog\/af-estrenem-temporada-bloguera-2\/"},"author":{"name":"admin","@id":"https:\/\/calbernadas.com\/ca\/#\/schema\/person\/46093f07ff08bb892ace34b313f5c126"},"headline":"ANNA&#038;FELIU. ESTRENEM TEMPORADA BLOGUERA!","datePublished":"2015-06-01T14:49:15+00:00","dateModified":"2017-12-11T11:27:04+00:00","mainEntityOfPage":{"@id":"https:\/\/calbernadas.com\/ca\/blog\/af-estrenem-temporada-bloguera-2\/"},"wordCount":333,"commentCount":0,"publisher":{"@id":"https:\/\/calbernadas.com\/ca\/#organization"},"articleSection":["C\u00e9l\u00e9brations","C\u00e9l\u00e9brations_El Munt"],"inLanguage":"fr-FR"},{"@type":"WebPage","@id":"https:\/\/calbernadas.com\/ca\/blog\/af-estrenem-temporada-bloguera-2\/","url":"https:\/\/calbernadas.com\/ca\/blog\/af-estrenem-temporada-bloguera-2\/","name":"ANNA&FELIU. ESTRENEM TEMPORADA BLOGUERA! - Cal Bernad\u00e0s","isPartOf":{"@id":"https:\/\/calbernadas.com\/ca\/#website"},"datePublished":"2015-06-01T14:49:15+00:00","dateModified":"2017-12-11T11:27:04+00:00","breadcrumb":{"@id":"https:\/\/calbernadas.com\/ca\/blog\/af-estrenem-temporada-bloguera-2\/#breadcrumb"},"inLanguage":"fr-FR","potentialAction":[{"@type":"ReadAction","target":["https:\/\/calbernadas.com\/ca\/blog\/af-estrenem-temporada-bloguera-2\/"]}]},{"@type":"BreadcrumbList","@id":"https:\/\/calbernadas.com\/ca\/blog\/af-estrenem-temporada-bloguera-2\/#breadcrumb","itemListElement":[{"@type":"ListItem","position":1,"name":"Portada","item":"https:\/\/calbernadas.com\/fr\/"},{"@type":"ListItem","position":2,"name":"ANNA&#038;FELIU. ESTRENEM TEMPORADA BLOGUERA!"}]},{"@type":"WebSite","@id":"https:\/\/calbernadas.com\/ca\/#website","url":"https:\/\/calbernadas.com\/ca\/","name":"Cal Bernad\u00e0s","description":"Turisme rural","publisher":{"@id":"https:\/\/calbernadas.com\/ca\/#organization"},"potentialAction":[{"@type":"SearchAction","target":{"@type":"EntryPoint","urlTemplate":"https:\/\/calbernadas.com\/ca\/?s={search_term_string}"},"query-input":"required name=search_term_string"}],"inLanguage":"fr-FR"},{"@type":"Organization","@id":"https:\/\/calbernadas.com\/ca\/#organization","name":"Cal Bernad\u00e0s","url":"https:\/\/calbernadas.com\/ca\/","logo":{"@type":"ImageObject","inLanguage":"fr-FR","@id":"https:\/\/calbernadas.com\/ca\/#\/schema\/logo\/image\/","url":"https:\/\/calbernadas.com\/wp-content\/uploads\/2017\/03\/logo_calbernadas2.png","contentUrl":"https:\/\/calbernadas.com\/wp-content\/uploads\/2017\/03\/logo_calbernadas2.png","width":169,"height":156,"caption":"Cal Bernad\u00e0s"},"image":{"@id":"https:\/\/calbernadas.com\/ca\/#\/schema\/logo\/image\/"},"sameAs":["https:\/\/www.facebook.com\/calbernadas","https:\/\/twitter.com\/calbernadas","https:\/\/instagram.com\/calbernadas\/","http:\/\/www.youtube.es\/calbernadas"]},{"@type":"Person","@id":"https:\/\/calbernadas.com\/ca\/#\/schema\/person\/46093f07ff08bb892ace34b313f5c126","name":"admin","image":{"@type":"ImageObject","inLanguage":"fr-FR","@id":"https:\/\/calbernadas.com\/ca\/#\/schema\/person\/image\/","url":"https:\/\/secure.gravatar.com\/avatar\/aeeb8379a9b592e498740f09863f0d96?s=96&d=mm&r=g","contentUrl":"https:\/\/secure.gravatar.com\/avatar\/aeeb8379a9b592e498740f09863f0d96?s=96&d=mm&r=g","caption":"admin"},"url":"https:\/\/calbernadas.com\/fr\/blog\/author\/admin\/"}]}},"_links":{"self":[{"href":"https:\/\/calbernadas.com\/fr\/wp-json\/wp\/v2\/posts\/19780"}],"collection":[{"href":"https:\/\/calbernadas.com\/fr\/wp-json\/wp\/v2\/posts"}],"about":[{"href":"https:\/\/calbernadas.com\/fr\/wp-json\/wp\/v2\/types\/post"}],"author":[{"embeddable":true,"href":"https:\/\/calbernadas.com\/fr\/wp-json\/wp\/v2\/users\/1"}],"replies":[{"embeddable":true,"href":"https:\/\/calbernadas.com\/fr\/wp-json\/wp\/v2\/comments?post=19780"}],"version-history":[{"count":2,"href":"https:\/\/calbernadas.com\/fr\/wp-json\/wp\/v2\/posts\/19780\/revisions"}],"predecessor-version":[{"id":19959,"href":"https:\/\/calbernadas.com\/fr\/wp-json\/wp\/v2\/posts\/19780\/revisions\/19959"}],"wp:featuredmedia":[{"embeddable":true,"href":"https:\/\/calbernadas.com\/fr\/wp-json\/wp\/v2\/media\/17258"}],"wp:attachment":[{"href":"https:\/\/calbernadas.com\/fr\/wp-json\/wp\/v2\/media?parent=19780"}],"wp:term":[{"taxonomy":"category","embeddable":true,"href":"https:\/\/calbernadas.com\/fr\/wp-json\/wp\/v2\/categories?post=19780"},{"taxonomy":"post_tag","embeddable":true,"href":"https:\/\/calbernadas.com\/fr\/wp-json\/wp\/v2\/tags?post=19780"}],"curies":[{"name":"wp","href":"https:\/\/api.w.org\/{rel}","templated":true}]}}