{"id":19772,"date":"2015-09-15T15:43:43","date_gmt":"2015-09-15T14:43:43","guid":{"rendered":"https:\/\/calbernadas.com\/fr\/?p=19772"},"modified":"2017-12-11T12:25:22","modified_gmt":"2017-12-11T11:25:22","slug":"taniaguille-flying-to-munt","status":"publish","type":"post","link":"https:\/\/calbernadas.com\/fr\/blog\/taniaguille-flying-to-munt\/","title":{"rendered":"TANIA&#038;GUILLE. FLYING&#8230; TO EL MUNT!"},"content":{"rendered":"<p>[vc_row][vc_column][vc_column_text]Tania y Guille. Una pareja de guapos, una pareja de simp\u00e1ticos, una pareja de rom\u00e1nticos. Una pareja que lleva m\u00e1s de media vida que se aman, que comparten aficiones y un gran par de viajeros. Despu\u00e9s de muchos a\u00f1os compartiendo sus vidas decidieron dar un paso adelante en nuestra mas\u00eda <a href=\"https:\/\/calbernadas.com\/ca\/celebracions\/el-munt\/\">El Munt<\/a>.<\/p>\n<p>Se vistieron en\u00a0<a href=\"https:\/\/calbernadas.com\/ca\/celebracions\/el-munt\/\">El Munt<\/a>. T\u00e0nia en\u00a0<a href=\"https:\/\/calbernadas.com\/ca\/habitacio-1-el-munt\/\">la gran suite<\/a>\u00a0que enamora a todas las novias, y con la compa\u00f1\u00eda de sus grandes amigas. Y Guille lo hizo en\u00a0<a href=\"https:\/\/calbernadas.com\/ca\/sala-destar-segona-planta\/\">la sala de debajo el tejado<\/a>, un espacio acogedor y con el carisma del columpio que cuelga del techo.<\/p>\n<p>Quiero destacar su originalidad en la vestimenta. Jugando ambos con las tonalidades blancas y negras, ambos salieron de los esquemas de novio y novia y consiguieron un toque diferente y con mucho <em>glamour<\/em>. \u00bfQu\u00e9 estilo! \u00bfCompart\u00eds la misma opini\u00f3n que yo?<\/p>\n<p>Una vez acicalados, hicieron el <em>First Look<\/em> de una manera, tambi\u00e9n, muy original. Lo hicieron en la puerta de la suite, uno por lado, y antes de verse, el padrino y unos amigos dijeron unas palabras que no evitaron emocionarlos. Fue un momento muy especial.<\/p>\n<p>Despu\u00e9s de todos los preparativos se desplazaron hasta las Franqueses donde se dieron el \u00ab\u00a0SI\u00a0\u00bb. Un \u00ab\u00a0Si\u00a0\u00bb muy divertido ante un maestro de ceremonias muy cercano y simp\u00e1tico.<\/p>\n<p>Y seguidamente, \u00a1los novios fueron sorprendidos con una gran sorpresa! Los invitados les regalaron un medio de transporte para retornar a El Munt \u00a1muuuy espectacular, muy de pel\u00edcula! \u00a1Llegaron a El Munt en helic\u00f3ptero!<\/p>\n<p>T\u00e0nia y Guille escogieron\u00a0el jardin de\u00a0<a href=\"https:\/\/calbernadas.com\/ca\/celebracions\/el-munt\/\">El Munt<\/a> para hacer la cena, todo a pie a base de pica picas y bufetes deliciosos. Y aqu\u00ed hubo uno de los otros momentos m\u00e1s especiales de la noche: \u00a1Tania y Guille anunciaron que ampliaban la familia! \u00a1Un momento muy emotivo en el que los aplausos se hicieron sentir!<\/p>\n<p>No pod\u00edan faltar las ballaruques de una gran fiesta en las antiguas caballerizas del Munt, acompa\u00f1adas de pelucas, narices Pallapupes, pasteles, risas, locuras y muchos abrazos.<\/p>\n<p>Una gran fiesta, un gran d\u00eda. Una gran pareja.[\/vc_column_text][\/vc_column][\/vc_row][vc_row][vc_column][vc_gallery type=\u00a0\u00bbimage_grid\u00a0\u00bb images=\u00a0\u00bb18234,18235,18238,18241,18243,18244,18246,18250,18251,18252,18253,18258,18259,18260,18261,18262,18263,18266,18268,18269,18270,18271,18272,18273,18274,18275,18276,18279,18277,18294,18285,18280,18283,18282,18281,18278&Prime; img_size=\u00a0\u00bbfull\u00a0\u00bb][\/vc_column][\/vc_row][vc_row][vc_column][vc_column_text]<\/p>\n<p style=\"text-align: center;\">Espacio: <a href=\"https:\/\/calbernadas.com\/fr\/celebrations\/el-munt\/\">Mas\u00eda El Munt<\/a><\/p>\n<p style=\"text-align: center;\">Fotograf\u00eda y video: <a href=\"http:\/\/bodadefoto.es\">Efedos<\/a><\/p>\n<p style=\"text-align: center;\">Catering: \u00a0<a href=\"https:\/\/www.cateringsantllei.com\">Sant Lle\u00ed C\u00e0tering<\/a><\/p>\n<p style=\"text-align: center;\">Material: <a href=\"http:\/\/crimons.com\">Crimons<\/a><\/p>\n<p style=\"text-align: center;\">Decoraci\u00f3n: DIY<\/p>\n<p style=\"text-align: center;\">Ramo novia: Flores Navarro<\/p>\n<p style=\"text-align: center;\">Falda novia: <a href=\"http:\/\/www.menchentomas.com\">Mench\u00e9n Thomas<\/a><\/p>\n<p style=\"text-align: center;\">Zapatos novia: <a href=\"https:\/\/www.manoloblahnik.com\">Manolo Blahnick<\/a><\/p>\n<p style=\"text-align: center;\">Cosset: dissenyat per la n\u00favia<\/p>\n<p>[\/vc_column_text][vc_empty_space height=\u00a0\u00bb80px\u00a0\u00bb][\/vc_column][\/vc_row][vc_row][vc_column][vc_separator][\/vc_column]<\/p>\n","protected":false},"excerpt":{"rendered":"<p>[vc_row][vc_column][vc_column_text]Tania y Guille. Una pareja de guapos, una pareja de simp\u00e1ticos, una pareja de rom\u00e1nticos. Una pareja que lleva m\u00e1s [&hellip;]<\/p>\n","protected":false},"author":1,"featured_media":18268,"comment_status":"open","ping_status":"open","sticky":false,"template":"","format":"standard","meta":{"footnotes":""},"categories":[166,243],"tags":[],"yoast_head":"<!-- This site is optimized with the Yoast SEO plugin v21.5 - https:\/\/yoast.com\/wordpress\/plugins\/seo\/ -->\n<title>TANIA&amp;GUILLE. FLYING... TO EL MUNT! - Cal Bernad\u00e0s<\/title>\n<meta name=\"robots\" content=\"index, follow, max-snippet:-1, max-image-preview:large, max-video-preview:-1\" \/>\n<link rel=\"canonical\" href=\"https:\/\/calbernadas.com\/ca\/blog\/flying-to-munt\/\" \/>\n<meta property=\"og:locale\" content=\"fr_FR\" \/>\n<meta property=\"og:type\" content=\"article\" \/>\n<meta property=\"og:title\" content=\"TANIA&amp;GUILLE. FLYING... TO EL MUNT! - Cal Bernad\u00e0s\" \/>\n<meta property=\"og:description\" content=\"[vc_row][vc_column][vc_column_text]Tania y Guille. Una pareja de guapos, una pareja de simp\u00e1ticos, una pareja de rom\u00e1nticos. Una pareja que lleva m\u00e1s [&hellip;]\" \/>\n<meta property=\"og:url\" content=\"https:\/\/calbernadas.com\/ca\/blog\/flying-to-munt\/\" \/>\n<meta property=\"og:site_name\" content=\"Cal Bernad\u00e0s\" \/>\n<meta property=\"article:publisher\" content=\"https:\/\/www.facebook.com\/calbernadas\" \/>\n<meta property=\"article:published_time\" content=\"2015-09-15T14:43:43+00:00\" \/>\n<meta property=\"article:modified_time\" content=\"2017-12-11T11:25:22+00:00\" \/>\n<meta property=\"og:image\" content=\"https:\/\/calbernadas.com\/wp-content\/uploads\/2017\/04\/15061-1004A.jpg\" \/>\n\t<meta property=\"og:image:width\" content=\"3307\" \/>\n\t<meta property=\"og:image:height\" content=\"1860\" \/>\n\t<meta property=\"og:image:type\" content=\"image\/jpeg\" \/>\n<meta name=\"author\" content=\"admin\" \/>\n<meta name=\"twitter:card\" content=\"summary_large_image\" \/>\n<meta name=\"twitter:creator\" content=\"@calbernadas\" \/>\n<meta name=\"twitter:site\" content=\"@calbernadas\" \/>\n<meta name=\"twitter:label1\" content=\"\u00c9crit par\" \/>\n\t<meta name=\"twitter:data1\" content=\"admin\" \/>\n\t<meta name=\"twitter:label2\" content=\"Dur\u00e9e de lecture estim\u00e9e\" \/>\n\t<meta name=\"twitter:data2\" content=\"2 minutes\" \/>\n<script type=\"application\/ld+json\" class=\"yoast-schema-graph\">{\"@context\":\"https:\/\/schema.org\",\"@graph\":[{\"@type\":\"Article\",\"@id\":\"https:\/\/calbernadas.com\/ca\/blog\/flying-to-munt\/#article\",\"isPartOf\":{\"@id\":\"https:\/\/calbernadas.com\/ca\/blog\/flying-to-munt\/\"},\"author\":{\"name\":\"admin\",\"@id\":\"https:\/\/calbernadas.com\/ca\/#\/schema\/person\/46093f07ff08bb892ace34b313f5c126\"},\"headline\":\"TANIA&#038;GUILLE. FLYING&#8230; TO EL MUNT!\",\"datePublished\":\"2015-09-15T14:43:43+00:00\",\"dateModified\":\"2017-12-11T11:25:22+00:00\",\"mainEntityOfPage\":{\"@id\":\"https:\/\/calbernadas.com\/ca\/blog\/flying-to-munt\/\"},\"wordCount\":463,\"commentCount\":0,\"publisher\":{\"@id\":\"https:\/\/calbernadas.com\/ca\/#organization\"},\"articleSection\":[\"C\u00e9l\u00e9brations\",\"C\u00e9l\u00e9brations_El Munt\"],\"inLanguage\":\"fr-FR\"},{\"@type\":\"WebPage\",\"@id\":\"https:\/\/calbernadas.com\/ca\/blog\/flying-to-munt\/\",\"url\":\"https:\/\/calbernadas.com\/ca\/blog\/flying-to-munt\/\",\"name\":\"TANIA&GUILLE. FLYING... TO EL MUNT! - Cal Bernad\u00e0s\",\"isPartOf\":{\"@id\":\"https:\/\/calbernadas.com\/ca\/#website\"},\"datePublished\":\"2015-09-15T14:43:43+00:00\",\"dateModified\":\"2017-12-11T11:25:22+00:00\",\"breadcrumb\":{\"@id\":\"https:\/\/calbernadas.com\/ca\/blog\/flying-to-munt\/#breadcrumb\"},\"inLanguage\":\"fr-FR\",\"potentialAction\":[{\"@type\":\"ReadAction\",\"target\":[\"https:\/\/calbernadas.com\/ca\/blog\/flying-to-munt\/\"]}]},{\"@type\":\"BreadcrumbList\",\"@id\":\"https:\/\/calbernadas.com\/ca\/blog\/flying-to-munt\/#breadcrumb\",\"itemListElement\":[{\"@type\":\"ListItem\",\"position\":1,\"name\":\"Portada\",\"item\":\"https:\/\/calbernadas.com\/fr\/\"},{\"@type\":\"ListItem\",\"position\":2,\"name\":\"TANIA&#038;GUILLE. FLYING&#8230; TO EL MUNT!\"}]},{\"@type\":\"WebSite\",\"@id\":\"https:\/\/calbernadas.com\/ca\/#website\",\"url\":\"https:\/\/calbernadas.com\/ca\/\",\"name\":\"Cal Bernad\u00e0s\",\"description\":\"Turisme rural\",\"publisher\":{\"@id\":\"https:\/\/calbernadas.com\/ca\/#organization\"},\"potentialAction\":[{\"@type\":\"SearchAction\",\"target\":{\"@type\":\"EntryPoint\",\"urlTemplate\":\"https:\/\/calbernadas.com\/ca\/?s={search_term_string}\"},\"query-input\":\"required name=search_term_string\"}],\"inLanguage\":\"fr-FR\"},{\"@type\":\"Organization\",\"@id\":\"https:\/\/calbernadas.com\/ca\/#organization\",\"name\":\"Cal Bernad\u00e0s\",\"url\":\"https:\/\/calbernadas.com\/ca\/\",\"logo\":{\"@type\":\"ImageObject\",\"inLanguage\":\"fr-FR\",\"@id\":\"https:\/\/calbernadas.com\/ca\/#\/schema\/logo\/image\/\",\"url\":\"https:\/\/calbernadas.com\/wp-content\/uploads\/2017\/03\/logo_calbernadas2.png\",\"contentUrl\":\"https:\/\/calbernadas.com\/wp-content\/uploads\/2017\/03\/logo_calbernadas2.png\",\"width\":169,\"height\":156,\"caption\":\"Cal Bernad\u00e0s\"},\"image\":{\"@id\":\"https:\/\/calbernadas.com\/ca\/#\/schema\/logo\/image\/\"},\"sameAs\":[\"https:\/\/www.facebook.com\/calbernadas\",\"https:\/\/twitter.com\/calbernadas\",\"https:\/\/instagram.com\/calbernadas\/\",\"http:\/\/www.youtube.es\/calbernadas\"]},{\"@type\":\"Person\",\"@id\":\"https:\/\/calbernadas.com\/ca\/#\/schema\/person\/46093f07ff08bb892ace34b313f5c126\",\"name\":\"admin\",\"image\":{\"@type\":\"ImageObject\",\"inLanguage\":\"fr-FR\",\"@id\":\"https:\/\/calbernadas.com\/ca\/#\/schema\/person\/image\/\",\"url\":\"https:\/\/secure.gravatar.com\/avatar\/aeeb8379a9b592e498740f09863f0d96?s=96&d=mm&r=g\",\"contentUrl\":\"https:\/\/secure.gravatar.com\/avatar\/aeeb8379a9b592e498740f09863f0d96?s=96&d=mm&r=g\",\"caption\":\"admin\"},\"url\":\"https:\/\/calbernadas.com\/fr\/blog\/author\/admin\/\"}]}<\/script>\n<!-- \/ Yoast SEO plugin. -->","yoast_head_json":{"title":"TANIA&GUILLE. FLYING... TO EL MUNT! - Cal Bernad\u00e0s","robots":{"index":"index","follow":"follow","max-snippet":"max-snippet:-1","max-image-preview":"max-image-preview:large","max-video-preview":"max-video-preview:-1"},"canonical":"https:\/\/calbernadas.com\/ca\/blog\/flying-to-munt\/","og_locale":"fr_FR","og_type":"article","og_title":"TANIA&GUILLE. FLYING... TO EL MUNT! - Cal Bernad\u00e0s","og_description":"[vc_row][vc_column][vc_column_text]Tania y Guille. Una pareja de guapos, una pareja de simp\u00e1ticos, una pareja de rom\u00e1nticos. Una pareja que lleva m\u00e1s [&hellip;]","og_url":"https:\/\/calbernadas.com\/ca\/blog\/flying-to-munt\/","og_site_name":"Cal Bernad\u00e0s","article_publisher":"https:\/\/www.facebook.com\/calbernadas","article_published_time":"2015-09-15T14:43:43+00:00","article_modified_time":"2017-12-11T11:25:22+00:00","og_image":[{"width":3307,"height":1860,"url":"https:\/\/calbernadas.com\/wp-content\/uploads\/2017\/04\/15061-1004A.jpg","type":"image\/jpeg"}],"author":"admin","twitter_card":"summary_large_image","twitter_creator":"@calbernadas","twitter_site":"@calbernadas","twitter_misc":{"\u00c9crit par":"admin","Dur\u00e9e de lecture estim\u00e9e":"2 minutes"},"schema":{"@context":"https:\/\/schema.org","@graph":[{"@type":"Article","@id":"https:\/\/calbernadas.com\/ca\/blog\/flying-to-munt\/#article","isPartOf":{"@id":"https:\/\/calbernadas.com\/ca\/blog\/flying-to-munt\/"},"author":{"name":"admin","@id":"https:\/\/calbernadas.com\/ca\/#\/schema\/person\/46093f07ff08bb892ace34b313f5c126"},"headline":"TANIA&#038;GUILLE. FLYING&#8230; TO EL MUNT!","datePublished":"2015-09-15T14:43:43+00:00","dateModified":"2017-12-11T11:25:22+00:00","mainEntityOfPage":{"@id":"https:\/\/calbernadas.com\/ca\/blog\/flying-to-munt\/"},"wordCount":463,"commentCount":0,"publisher":{"@id":"https:\/\/calbernadas.com\/ca\/#organization"},"articleSection":["C\u00e9l\u00e9brations","C\u00e9l\u00e9brations_El Munt"],"inLanguage":"fr-FR"},{"@type":"WebPage","@id":"https:\/\/calbernadas.com\/ca\/blog\/flying-to-munt\/","url":"https:\/\/calbernadas.com\/ca\/blog\/flying-to-munt\/","name":"TANIA&GUILLE. FLYING... TO EL MUNT! - Cal Bernad\u00e0s","isPartOf":{"@id":"https:\/\/calbernadas.com\/ca\/#website"},"datePublished":"2015-09-15T14:43:43+00:00","dateModified":"2017-12-11T11:25:22+00:00","breadcrumb":{"@id":"https:\/\/calbernadas.com\/ca\/blog\/flying-to-munt\/#breadcrumb"},"inLanguage":"fr-FR","potentialAction":[{"@type":"ReadAction","target":["https:\/\/calbernadas.com\/ca\/blog\/flying-to-munt\/"]}]},{"@type":"BreadcrumbList","@id":"https:\/\/calbernadas.com\/ca\/blog\/flying-to-munt\/#breadcrumb","itemListElement":[{"@type":"ListItem","position":1,"name":"Portada","item":"https:\/\/calbernadas.com\/fr\/"},{"@type":"ListItem","position":2,"name":"TANIA&#038;GUILLE. FLYING&#8230; TO EL MUNT!"}]},{"@type":"WebSite","@id":"https:\/\/calbernadas.com\/ca\/#website","url":"https:\/\/calbernadas.com\/ca\/","name":"Cal Bernad\u00e0s","description":"Turisme rural","publisher":{"@id":"https:\/\/calbernadas.com\/ca\/#organization"},"potentialAction":[{"@type":"SearchAction","target":{"@type":"EntryPoint","urlTemplate":"https:\/\/calbernadas.com\/ca\/?s={search_term_string}"},"query-input":"required name=search_term_string"}],"inLanguage":"fr-FR"},{"@type":"Organization","@id":"https:\/\/calbernadas.com\/ca\/#organization","name":"Cal Bernad\u00e0s","url":"https:\/\/calbernadas.com\/ca\/","logo":{"@type":"ImageObject","inLanguage":"fr-FR","@id":"https:\/\/calbernadas.com\/ca\/#\/schema\/logo\/image\/","url":"https:\/\/calbernadas.com\/wp-content\/uploads\/2017\/03\/logo_calbernadas2.png","contentUrl":"https:\/\/calbernadas.com\/wp-content\/uploads\/2017\/03\/logo_calbernadas2.png","width":169,"height":156,"caption":"Cal Bernad\u00e0s"},"image":{"@id":"https:\/\/calbernadas.com\/ca\/#\/schema\/logo\/image\/"},"sameAs":["https:\/\/www.facebook.com\/calbernadas","https:\/\/twitter.com\/calbernadas","https:\/\/instagram.com\/calbernadas\/","http:\/\/www.youtube.es\/calbernadas"]},{"@type":"Person","@id":"https:\/\/calbernadas.com\/ca\/#\/schema\/person\/46093f07ff08bb892ace34b313f5c126","name":"admin","image":{"@type":"ImageObject","inLanguage":"fr-FR","@id":"https:\/\/calbernadas.com\/ca\/#\/schema\/person\/image\/","url":"https:\/\/secure.gravatar.com\/avatar\/aeeb8379a9b592e498740f09863f0d96?s=96&d=mm&r=g","contentUrl":"https:\/\/secure.gravatar.com\/avatar\/aeeb8379a9b592e498740f09863f0d96?s=96&d=mm&r=g","caption":"admin"},"url":"https:\/\/calbernadas.com\/fr\/blog\/author\/admin\/"}]}},"_links":{"self":[{"href":"https:\/\/calbernadas.com\/fr\/wp-json\/wp\/v2\/posts\/19772"}],"collection":[{"href":"https:\/\/calbernadas.com\/fr\/wp-json\/wp\/v2\/posts"}],"about":[{"href":"https:\/\/calbernadas.com\/fr\/wp-json\/wp\/v2\/types\/post"}],"author":[{"embeddable":true,"href":"https:\/\/calbernadas.com\/fr\/wp-json\/wp\/v2\/users\/1"}],"replies":[{"embeddable":true,"href":"https:\/\/calbernadas.com\/fr\/wp-json\/wp\/v2\/comments?post=19772"}],"version-history":[{"count":2,"href":"https:\/\/calbernadas.com\/fr\/wp-json\/wp\/v2\/posts\/19772\/revisions"}],"predecessor-version":[{"id":19957,"href":"https:\/\/calbernadas.com\/fr\/wp-json\/wp\/v2\/posts\/19772\/revisions\/19957"}],"wp:featuredmedia":[{"embeddable":true,"href":"https:\/\/calbernadas.com\/fr\/wp-json\/wp\/v2\/media\/18268"}],"wp:attachment":[{"href":"https:\/\/calbernadas.com\/fr\/wp-json\/wp\/v2\/media?parent=19772"}],"wp:term":[{"taxonomy":"category","embeddable":true,"href":"https:\/\/calbernadas.com\/fr\/wp-json\/wp\/v2\/categories?post=19772"},{"taxonomy":"post_tag","embeddable":true,"href":"https:\/\/calbernadas.com\/fr\/wp-json\/wp\/v2\/tags?post=19772"}],"curies":[{"name":"wp","href":"https:\/\/api.w.org\/{rel}","templated":true}]}}