{"id":19723,"date":"2017-06-14T12:24:02","date_gmt":"2017-06-14T11:24:02","guid":{"rendered":"https:\/\/calbernadas.com\/fr\/?p=19723"},"modified":"2017-12-11T12:16:30","modified_gmt":"2017-12-11T11:16:30","slug":"anavicent-una-noche-verano","status":"publish","type":"post","link":"https:\/\/calbernadas.com\/fr\/blog\/anavicent-una-noche-verano\/","title":{"rendered":"ANA&#038;VICENT. UNA NOCHE DE VERANO"},"content":{"rendered":"<p>[vc_row][vc_column][vc_column_text]Tenia muuuuuy pendiente preparar este post, y es que a veces lo que me pasa es que hay posts que tengo tantas ganas de hacer, y los quiero hacer tan bien, que nunca encuentro el momento para lanzarme a la piscina.<\/p>\n<p>Pues hoy me he levantado y me he dicho&#8230; -Anna, hoy es el d\u00eda. Y aqu\u00ed estoy. Prepar\u00e1ndolo todo para poderoslo ense\u00f1ar.<\/p>\n<p>Ana y Vicent son una pareja encantadora, de aquellas que cuando las ves ya ves a primera vista que vas a conectar facilmente. Ella de Terraza, el de Villarreal. Los dos muy viajeros y con ganas de dar un paso adelante en su relaci\u00f3n\u00a0despu\u00e9s de muchos a\u00f1os de amor. Y mira por donde, se decidieron a hacerlo en nuestra casa, en <a href=\"https:\/\/calbernadas.com\/es\/celebraciones\/la-cabana\/\">la Cabana<\/a>, y confiaron en mi para ayudarles en toda l<a href=\"https:\/\/calbernadas.com\/es\/celebraciones\/coordinador-de-bodas\/\">a organizaci\u00f3n de la boda<\/a>. Y en pocas palabras, ha sido un placer haberlos conocido y haberlos podido ayudar en la preparaci\u00f3n de su gran d\u00eda. Ha sido muy f\u00e1cil, muy din\u00e1mico y muy agradable, desde el primer Skype hasta el d\u00eda de la boda.<\/p>\n<p>Y el resultado, se nota. Las cosas que se hacen con ilusi\u00f3n, con alegria, con tranquilidad, con buenas personas y buenos profesionales a tu alrededor, se nota. Ya lo ver\u00e9is.<\/p>\n<p>Ana y Vicent decidieron hacer el c\u00f3ctel de bienvenida y la ceremonia en el gran jard\u00edn que hay a la llegada de la casa. Seguidamente, un aperitivo en el jard\u00edn alrededor de la piscina, y una cena de aquellas 100% verano \u00a0en el jard\u00edn de delante de la casa con unas mesas preciosas, lucecitas de verbena, buena comida y unas ganas locas de pasarlo bien. Y para terminar, unos bailes de aquellos que hacen historia en el patio. Se rieron, lloraron, bailaron, jugaron, se estimaron, &#8230; vaya, que pusieron todos los ingredientes necesarios juntos para hacer un fiest\u00f3n de aquellos para recordar para siempre!<\/p>\n<p>Solamente me queda desear a Ana y Vicent un amor sincero, largo, lleno de alegrias y felicidad. Un abrazo, guapos!<\/p>\n<p>[\/vc_column_text][\/vc_column][\/vc_row][vc_row][vc_column][vc_gallery type=\u00a0\u00bbimage_grid\u00a0\u00bb images=\u00a0\u00bb18432,18433,18434,18435,18436,18437,18438,18439,18440,18441,18442,18443,18444,18445,18446,18447,18448,18449,18450,18452,18451,18454,18455,18456,18457,18458,18459,18460,18461,18462,18453,18463,18464,18465,18466,18467,18468,18469,18470,18471,18472,18473,18474,18475,18476,18477,18478,18479,18480,18481,18482,18483,18484,18485,18486,18487,18488,18489,18490,18491,18492,18493,18494,18495,18496,18497,18498,18500,18501,18502,18503,18499&Prime; img_size=\u00a0\u00bbfull\u00a0\u00bb][\/vc_column][\/vc_row][vc_row][vc_column][vc_column_text]<\/p>\n<p style=\"text-align: center;\">Espacio: <a href=\"https:\/\/calbernadas.com\/fr\/celebrations\/la-cabana\/\">Casa rural La Cabana. Cal Bernad\u00e0s<\/a><\/p>\n<p style=\"text-align: center;\">Organitzaci\u00f3n y planificaci\u00f3n: <a href=\"https:\/\/calbernadas.com\/fr\/celebrations\/organisateur-de-mariage\/\">Anna Niub\u00f2. Cal Bernad\u00e0s<\/a><\/p>\n<p style=\"text-align: center;\">Fotograf\u00eda: <a href=\"http:\/\/laurachacon.es\">Laura Chac\u00f3n Photography<\/a><\/p>\n<p style=\"text-align: center;\">Catering: <a href=\"http:\/\/www.eltallercatering.com\">El Taller C\u00e0tering<\/a><\/p>\n<p style=\"text-align: center;\">Decoraci\u00f3n: <a href=\"http:\/\/curriu.com\">Curriu<\/a><\/p>\n<p style=\"text-align: center;\">Sonoritzaci\u00f3n y DJ: <a href=\"http:\/\/www.parentesisgrup.com\">Par\u00e8ntesis Gironella<\/a><\/p>\n<p>[\/vc_column_text][vc_empty_space height=\u00a0\u00bb80px\u00a0\u00bb][\/vc_column][\/vc_row][vc_row][vc_column][vc_separator][\/vc_column][\/vc_row]<\/p>\n","protected":false},"excerpt":{"rendered":"<p>[vc_row][vc_column][vc_column_text]Tenia muuuuuy pendiente preparar este post, y es que a veces lo que me pasa es que hay posts que [&hellip;]<\/p>\n","protected":false},"author":1,"featured_media":18487,"comment_status":"open","ping_status":"open","sticky":false,"template":"","format":"standard","meta":{"footnotes":""},"categories":[166,246,249],"tags":[],"yoast_head":"<!-- This site is optimized with the Yoast SEO plugin v21.5 - https:\/\/yoast.com\/wordpress\/plugins\/seo\/ -->\n<title>ANA&amp;VICENT. UNA NOCHE DE VERANO - Cal Bernad\u00e0s<\/title>\n<meta name=\"robots\" content=\"index, follow, max-snippet:-1, max-image-preview:large, max-video-preview:-1\" \/>\n<link rel=\"canonical\" href=\"https:\/\/calbernadas.com\/ca\/blog\/ana-vicent\/\" \/>\n<meta property=\"og:locale\" content=\"fr_FR\" \/>\n<meta property=\"og:type\" content=\"article\" \/>\n<meta property=\"og:title\" content=\"ANA&amp;VICENT. UNA NOCHE DE VERANO - Cal Bernad\u00e0s\" \/>\n<meta property=\"og:description\" content=\"[vc_row][vc_column][vc_column_text]Tenia muuuuuy pendiente preparar este post, y es que a veces lo que me pasa es que hay posts que [&hellip;]\" \/>\n<meta property=\"og:url\" content=\"https:\/\/calbernadas.com\/ca\/blog\/ana-vicent\/\" \/>\n<meta property=\"og:site_name\" content=\"Cal Bernad\u00e0s\" \/>\n<meta property=\"article:publisher\" content=\"https:\/\/www.facebook.com\/calbernadas\" \/>\n<meta property=\"article:published_time\" content=\"2017-06-14T11:24:02+00:00\" \/>\n<meta property=\"article:modified_time\" content=\"2017-12-11T11:16:30+00:00\" \/>\n<meta property=\"og:image\" content=\"https:\/\/calbernadas.com\/wp-content\/uploads\/2017\/06\/BODA-VICENTANNA-395A.jpg\" \/>\n\t<meta property=\"og:image:width\" content=\"1500\" \/>\n\t<meta property=\"og:image:height\" content=\"1000\" \/>\n\t<meta property=\"og:image:type\" content=\"image\/jpeg\" \/>\n<meta name=\"author\" content=\"admin\" \/>\n<meta name=\"twitter:card\" content=\"summary_large_image\" \/>\n<meta name=\"twitter:creator\" content=\"@calbernadas\" \/>\n<meta name=\"twitter:site\" content=\"@calbernadas\" \/>\n<meta name=\"twitter:label1\" content=\"\u00c9crit par\" \/>\n\t<meta name=\"twitter:data1\" content=\"admin\" \/>\n\t<meta name=\"twitter:label2\" content=\"Dur\u00e9e de lecture estim\u00e9e\" \/>\n\t<meta name=\"twitter:data2\" content=\"2 minutes\" \/>\n<script type=\"application\/ld+json\" class=\"yoast-schema-graph\">{\"@context\":\"https:\/\/schema.org\",\"@graph\":[{\"@type\":\"Article\",\"@id\":\"https:\/\/calbernadas.com\/ca\/blog\/ana-vicent\/#article\",\"isPartOf\":{\"@id\":\"https:\/\/calbernadas.com\/ca\/blog\/ana-vicent\/\"},\"author\":{\"name\":\"admin\",\"@id\":\"https:\/\/calbernadas.com\/ca\/#\/schema\/person\/46093f07ff08bb892ace34b313f5c126\"},\"headline\":\"ANA&#038;VICENT. UNA NOCHE DE VERANO\",\"datePublished\":\"2017-06-14T11:24:02+00:00\",\"dateModified\":\"2017-12-11T11:16:30+00:00\",\"mainEntityOfPage\":{\"@id\":\"https:\/\/calbernadas.com\/ca\/blog\/ana-vicent\/\"},\"wordCount\":456,\"commentCount\":0,\"publisher\":{\"@id\":\"https:\/\/calbernadas.com\/ca\/#organization\"},\"articleSection\":[\"C\u00e9l\u00e9brations\",\"C\u00e9l\u00e9brations_La Cabana\",\"C\u00e9l\u00e9brations_Wedding Planner\"],\"inLanguage\":\"fr-FR\"},{\"@type\":\"WebPage\",\"@id\":\"https:\/\/calbernadas.com\/ca\/blog\/ana-vicent\/\",\"url\":\"https:\/\/calbernadas.com\/ca\/blog\/ana-vicent\/\",\"name\":\"ANA&VICENT. UNA NOCHE DE VERANO - Cal Bernad\u00e0s\",\"isPartOf\":{\"@id\":\"https:\/\/calbernadas.com\/ca\/#website\"},\"datePublished\":\"2017-06-14T11:24:02+00:00\",\"dateModified\":\"2017-12-11T11:16:30+00:00\",\"breadcrumb\":{\"@id\":\"https:\/\/calbernadas.com\/ca\/blog\/ana-vicent\/#breadcrumb\"},\"inLanguage\":\"fr-FR\",\"potentialAction\":[{\"@type\":\"ReadAction\",\"target\":[\"https:\/\/calbernadas.com\/ca\/blog\/ana-vicent\/\"]}]},{\"@type\":\"BreadcrumbList\",\"@id\":\"https:\/\/calbernadas.com\/ca\/blog\/ana-vicent\/#breadcrumb\",\"itemListElement\":[{\"@type\":\"ListItem\",\"position\":1,\"name\":\"Portada\",\"item\":\"https:\/\/calbernadas.com\/fr\/\"},{\"@type\":\"ListItem\",\"position\":2,\"name\":\"ANA&#038;VICENT. UNA NOCHE DE VERANO\"}]},{\"@type\":\"WebSite\",\"@id\":\"https:\/\/calbernadas.com\/ca\/#website\",\"url\":\"https:\/\/calbernadas.com\/ca\/\",\"name\":\"Cal Bernad\u00e0s\",\"description\":\"Turisme rural\",\"publisher\":{\"@id\":\"https:\/\/calbernadas.com\/ca\/#organization\"},\"potentialAction\":[{\"@type\":\"SearchAction\",\"target\":{\"@type\":\"EntryPoint\",\"urlTemplate\":\"https:\/\/calbernadas.com\/ca\/?s={search_term_string}\"},\"query-input\":\"required name=search_term_string\"}],\"inLanguage\":\"fr-FR\"},{\"@type\":\"Organization\",\"@id\":\"https:\/\/calbernadas.com\/ca\/#organization\",\"name\":\"Cal Bernad\u00e0s\",\"url\":\"https:\/\/calbernadas.com\/ca\/\",\"logo\":{\"@type\":\"ImageObject\",\"inLanguage\":\"fr-FR\",\"@id\":\"https:\/\/calbernadas.com\/ca\/#\/schema\/logo\/image\/\",\"url\":\"https:\/\/calbernadas.com\/wp-content\/uploads\/2017\/03\/logo_calbernadas2.png\",\"contentUrl\":\"https:\/\/calbernadas.com\/wp-content\/uploads\/2017\/03\/logo_calbernadas2.png\",\"width\":169,\"height\":156,\"caption\":\"Cal Bernad\u00e0s\"},\"image\":{\"@id\":\"https:\/\/calbernadas.com\/ca\/#\/schema\/logo\/image\/\"},\"sameAs\":[\"https:\/\/www.facebook.com\/calbernadas\",\"https:\/\/twitter.com\/calbernadas\",\"https:\/\/instagram.com\/calbernadas\/\",\"http:\/\/www.youtube.es\/calbernadas\"]},{\"@type\":\"Person\",\"@id\":\"https:\/\/calbernadas.com\/ca\/#\/schema\/person\/46093f07ff08bb892ace34b313f5c126\",\"name\":\"admin\",\"image\":{\"@type\":\"ImageObject\",\"inLanguage\":\"fr-FR\",\"@id\":\"https:\/\/calbernadas.com\/ca\/#\/schema\/person\/image\/\",\"url\":\"https:\/\/secure.gravatar.com\/avatar\/aeeb8379a9b592e498740f09863f0d96?s=96&d=mm&r=g\",\"contentUrl\":\"https:\/\/secure.gravatar.com\/avatar\/aeeb8379a9b592e498740f09863f0d96?s=96&d=mm&r=g\",\"caption\":\"admin\"},\"url\":\"https:\/\/calbernadas.com\/fr\/blog\/author\/admin\/\"}]}<\/script>\n<!-- \/ Yoast SEO plugin. -->","yoast_head_json":{"title":"ANA&VICENT. UNA NOCHE DE VERANO - Cal Bernad\u00e0s","robots":{"index":"index","follow":"follow","max-snippet":"max-snippet:-1","max-image-preview":"max-image-preview:large","max-video-preview":"max-video-preview:-1"},"canonical":"https:\/\/calbernadas.com\/ca\/blog\/ana-vicent\/","og_locale":"fr_FR","og_type":"article","og_title":"ANA&VICENT. UNA NOCHE DE VERANO - Cal Bernad\u00e0s","og_description":"[vc_row][vc_column][vc_column_text]Tenia muuuuuy pendiente preparar este post, y es que a veces lo que me pasa es que hay posts que [&hellip;]","og_url":"https:\/\/calbernadas.com\/ca\/blog\/ana-vicent\/","og_site_name":"Cal Bernad\u00e0s","article_publisher":"https:\/\/www.facebook.com\/calbernadas","article_published_time":"2017-06-14T11:24:02+00:00","article_modified_time":"2017-12-11T11:16:30+00:00","og_image":[{"width":1500,"height":1000,"url":"https:\/\/calbernadas.com\/wp-content\/uploads\/2017\/06\/BODA-VICENTANNA-395A.jpg","type":"image\/jpeg"}],"author":"admin","twitter_card":"summary_large_image","twitter_creator":"@calbernadas","twitter_site":"@calbernadas","twitter_misc":{"\u00c9crit par":"admin","Dur\u00e9e de lecture estim\u00e9e":"2 minutes"},"schema":{"@context":"https:\/\/schema.org","@graph":[{"@type":"Article","@id":"https:\/\/calbernadas.com\/ca\/blog\/ana-vicent\/#article","isPartOf":{"@id":"https:\/\/calbernadas.com\/ca\/blog\/ana-vicent\/"},"author":{"name":"admin","@id":"https:\/\/calbernadas.com\/ca\/#\/schema\/person\/46093f07ff08bb892ace34b313f5c126"},"headline":"ANA&#038;VICENT. UNA NOCHE DE VERANO","datePublished":"2017-06-14T11:24:02+00:00","dateModified":"2017-12-11T11:16:30+00:00","mainEntityOfPage":{"@id":"https:\/\/calbernadas.com\/ca\/blog\/ana-vicent\/"},"wordCount":456,"commentCount":0,"publisher":{"@id":"https:\/\/calbernadas.com\/ca\/#organization"},"articleSection":["C\u00e9l\u00e9brations","C\u00e9l\u00e9brations_La Cabana","C\u00e9l\u00e9brations_Wedding Planner"],"inLanguage":"fr-FR"},{"@type":"WebPage","@id":"https:\/\/calbernadas.com\/ca\/blog\/ana-vicent\/","url":"https:\/\/calbernadas.com\/ca\/blog\/ana-vicent\/","name":"ANA&VICENT. UNA NOCHE DE VERANO - Cal Bernad\u00e0s","isPartOf":{"@id":"https:\/\/calbernadas.com\/ca\/#website"},"datePublished":"2017-06-14T11:24:02+00:00","dateModified":"2017-12-11T11:16:30+00:00","breadcrumb":{"@id":"https:\/\/calbernadas.com\/ca\/blog\/ana-vicent\/#breadcrumb"},"inLanguage":"fr-FR","potentialAction":[{"@type":"ReadAction","target":["https:\/\/calbernadas.com\/ca\/blog\/ana-vicent\/"]}]},{"@type":"BreadcrumbList","@id":"https:\/\/calbernadas.com\/ca\/blog\/ana-vicent\/#breadcrumb","itemListElement":[{"@type":"ListItem","position":1,"name":"Portada","item":"https:\/\/calbernadas.com\/fr\/"},{"@type":"ListItem","position":2,"name":"ANA&#038;VICENT. UNA NOCHE DE VERANO"}]},{"@type":"WebSite","@id":"https:\/\/calbernadas.com\/ca\/#website","url":"https:\/\/calbernadas.com\/ca\/","name":"Cal Bernad\u00e0s","description":"Turisme rural","publisher":{"@id":"https:\/\/calbernadas.com\/ca\/#organization"},"potentialAction":[{"@type":"SearchAction","target":{"@type":"EntryPoint","urlTemplate":"https:\/\/calbernadas.com\/ca\/?s={search_term_string}"},"query-input":"required name=search_term_string"}],"inLanguage":"fr-FR"},{"@type":"Organization","@id":"https:\/\/calbernadas.com\/ca\/#organization","name":"Cal Bernad\u00e0s","url":"https:\/\/calbernadas.com\/ca\/","logo":{"@type":"ImageObject","inLanguage":"fr-FR","@id":"https:\/\/calbernadas.com\/ca\/#\/schema\/logo\/image\/","url":"https:\/\/calbernadas.com\/wp-content\/uploads\/2017\/03\/logo_calbernadas2.png","contentUrl":"https:\/\/calbernadas.com\/wp-content\/uploads\/2017\/03\/logo_calbernadas2.png","width":169,"height":156,"caption":"Cal Bernad\u00e0s"},"image":{"@id":"https:\/\/calbernadas.com\/ca\/#\/schema\/logo\/image\/"},"sameAs":["https:\/\/www.facebook.com\/calbernadas","https:\/\/twitter.com\/calbernadas","https:\/\/instagram.com\/calbernadas\/","http:\/\/www.youtube.es\/calbernadas"]},{"@type":"Person","@id":"https:\/\/calbernadas.com\/ca\/#\/schema\/person\/46093f07ff08bb892ace34b313f5c126","name":"admin","image":{"@type":"ImageObject","inLanguage":"fr-FR","@id":"https:\/\/calbernadas.com\/ca\/#\/schema\/person\/image\/","url":"https:\/\/secure.gravatar.com\/avatar\/aeeb8379a9b592e498740f09863f0d96?s=96&d=mm&r=g","contentUrl":"https:\/\/secure.gravatar.com\/avatar\/aeeb8379a9b592e498740f09863f0d96?s=96&d=mm&r=g","caption":"admin"},"url":"https:\/\/calbernadas.com\/fr\/blog\/author\/admin\/"}]}},"_links":{"self":[{"href":"https:\/\/calbernadas.com\/fr\/wp-json\/wp\/v2\/posts\/19723"}],"collection":[{"href":"https:\/\/calbernadas.com\/fr\/wp-json\/wp\/v2\/posts"}],"about":[{"href":"https:\/\/calbernadas.com\/fr\/wp-json\/wp\/v2\/types\/post"}],"author":[{"embeddable":true,"href":"https:\/\/calbernadas.com\/fr\/wp-json\/wp\/v2\/users\/1"}],"replies":[{"embeddable":true,"href":"https:\/\/calbernadas.com\/fr\/wp-json\/wp\/v2\/comments?post=19723"}],"version-history":[{"count":4,"href":"https:\/\/calbernadas.com\/fr\/wp-json\/wp\/v2\/posts\/19723\/revisions"}],"predecessor-version":[{"id":19947,"href":"https:\/\/calbernadas.com\/fr\/wp-json\/wp\/v2\/posts\/19723\/revisions\/19947"}],"wp:featuredmedia":[{"embeddable":true,"href":"https:\/\/calbernadas.com\/fr\/wp-json\/wp\/v2\/media\/18487"}],"wp:attachment":[{"href":"https:\/\/calbernadas.com\/fr\/wp-json\/wp\/v2\/media?parent=19723"}],"wp:term":[{"taxonomy":"category","embeddable":true,"href":"https:\/\/calbernadas.com\/fr\/wp-json\/wp\/v2\/categories?post=19723"},{"taxonomy":"post_tag","embeddable":true,"href":"https:\/\/calbernadas.com\/fr\/wp-json\/wp\/v2\/tags?post=19723"}],"curies":[{"name":"wp","href":"https:\/\/api.w.org\/{rel}","templated":true}]}}