{"id":19708,"date":"2017-11-06T11:23:19","date_gmt":"2017-11-06T10:23:19","guid":{"rendered":"https:\/\/calbernadas.com\/fr\/?p=19708"},"modified":"2017-12-12T16:36:49","modified_gmt":"2017-12-12T15:36:49","slug":"una-nit-romantica-amb-gastronomia-gourmet-del-bergueda","status":"publish","type":"post","link":"https:\/\/calbernadas.com\/fr\/blog\/una-nit-romantica-amb-gastronomia-gourmet-del-bergueda\/","title":{"rendered":"UNA NOCHE ROM\u00c1NTICA CON GASTRONOM\u00cdA GOURMET O DEL BERGUED\u00c1"},"content":{"rendered":"<p>[vc_row][vc_column][vc_single_image image=\u00a0\u00bb19248&Prime; img_size=\u00a0\u00bbfull\u00a0\u00bb][\/vc_column][\/vc_row][vc_row][vc_column][vc_column_text]<\/p>\n<p>Un encuentro con amigos, una reuni\u00f3n importante, Navidades, la Casta\u00f1ada, la fiesta mayor, un aniversario, \u2026 la mayor\u00eda de grandes momentos se celebran en torno a una mesa para re\u00edr, compartir, contar historias, hacer largas charlas, tener grandes conversaciones, \u2026 y\u00a0<em>el<\/em>\u00a0<em>Porxo de la Barraca<\/em>\u00a0no pod\u00eda ser menos!<\/p>\n<p>&nbsp;<\/p>\n<p>Tras llegar al\u00a0<em>Porxo de la Barraca<\/em>\u00a0y comprobar que est\u00e1is perdidos en medio de la naturaleza, el silencio y bajo un cielo lleno de estrellas, y despu\u00e9s de entrar dentro del\u00a0<em>Porxo\u00a0de la Barraca<\/em>\u00a0y conocer el escenario de vuestra pr\u00f3xima experiencia rom\u00e1ntica, ya podr\u00e9is sentaros en la mesa para degustar la cena que ya estar\u00e1 lista para vosotros.<\/p>\n<p>&nbsp;<\/p>\n<p>Podr\u00e9is escoger entre dos propuestas grastron\u00f3micas:\u00a0<strong>el Men\u00fa Bergued\u00e1 y el Men\u00fa Gourmet.<\/strong><\/p>\n<p>&nbsp;<\/p>\n<p>El\u00a0<strong>Men\u00fa Bergued\u00e1<\/strong>\u00a0es ideal para todos aquellos que os quer\u00e9is adentrar en la gastronom\u00eda t\u00edpica de nuestro territorio.<\/p>\n<p>Para empezar, un variado de lechugas; de primero una escalibada; y de segundo podr\u00e9is escoger entre dos platos muy t\u00edpicos de la zona: guisantes negros con cansalada o bien patatas enmascaradas con meloso de ternera.<\/p>\n<p>&nbsp;<\/p>\n<p>Para los que sois m\u00e1s\u00a0<em>delicatessen<\/em>, entonces recomendamos el\u00a0<strong>Men\u00fa Gourmet<\/strong>.<\/p>\n<p>Para empezar, 6 aperitivos con sabores y texturas distintas que no os van a dejar indiferentes; un primero a escoger entre\u00a0timbal de escalibada con queso de cabra o canel\u00f3n de pato con naranja y rataf\u00eda; de segundo, muslo de cordero con vainilla y boniato o bien merluza con tub\u00e9rculos y cebolleta.<\/p>\n<p>&nbsp;<\/p>\n<p>Y para terminar la cena, tanto en el Men\u00fa Gourmet como en el Men\u00fa Bergued\u00e0, podr\u00e9is escoger entre tres postres: fruta del tiempo, macedonia y sacher.<\/p>\n<p>Cu\u00e1l de los dos men\u00fas os gusta m\u00e1s?[\/vc_column_text][\/vc_column][\/vc_row][vc_row][vc_column][vc_gallery interval=\u00a0\u00bb3&Prime; images=\u00a0\u00bb19246,19251,19250,19249,19256,19254,19255,19258,19259&Prime; img_size=\u00a0\u00bbfull\u00a0\u00bb][\/vc_column][\/vc_row][vc_row][vc_column][vc_column_text]Y cuando os levant\u00e9is por la ma\u00f1ana, un buen desayuno para empezar el d\u00eda: pan de pay\u00e9s con tomate, mesa de embutidos y quesos del Bergued\u00e0, muffins y coca de panadero, fruta del tiempo, iogurt del Bergued\u00e0, zumo de naranja, caf\u00e9s e infusiones.<\/p>\n<p>&nbsp;<\/p>\n<p>[\/vc_column_text][\/vc_column][\/vc_row][vc_row][vc_column][vc_gallery interval=\u00a0\u00bb3&Prime; images=\u00a0\u00bb19264,19263,19265&Prime; img_size=\u00a0\u00bbfull\u00a0\u00bb][\/vc_column][\/vc_row][vc_row][vc_column][vc_column_text]S\u00e9 uno de nuestros #DailyRomantic y disfruta de las propuestas gastron\u00f3micas que te ofrecemos![\/vc_column_text][\/vc_column][\/vc_row]<\/p>\n","protected":false},"excerpt":{"rendered":"<p>[vc_row][vc_column][vc_single_image image=\u00a0\u00bb19248&Prime; img_size=\u00a0\u00bbfull\u00a0\u00bb][\/vc_column][\/vc_row][vc_row][vc_column][vc_column_text] Un encuentro con amigos, una reuni\u00f3n importante, Navidades, la Casta\u00f1ada, la fiesta mayor, un aniversario, \u2026 la [&hellip;]<\/p>\n","protected":false},"author":1,"featured_media":19248,"comment_status":"open","ping_status":"open","sticky":false,"template":"","format":"standard","meta":{"footnotes":""},"categories":[255,192],"tags":[],"yoast_head":"<!-- This site is optimized with the Yoast SEO plugin v21.5 - https:\/\/yoast.com\/wordpress\/plugins\/seo\/ -->\n<title>UNA NOCHE ROM\u00c1NTICA CON GASTRONOM\u00cdA GOURMET O DEL BERGUED\u00c1 - Cal Bernad\u00e0s<\/title>\n<meta name=\"robots\" content=\"index, follow, max-snippet:-1, max-image-preview:large, max-video-preview:-1\" \/>\n<link rel=\"canonical\" href=\"https:\/\/calbernadas.com\/ca\/blog\/menu-gourmet-menu-bergueda\/\" \/>\n<meta property=\"og:locale\" content=\"fr_FR\" \/>\n<meta property=\"og:type\" content=\"article\" \/>\n<meta property=\"og:title\" content=\"UNA NOCHE ROM\u00c1NTICA CON GASTRONOM\u00cdA GOURMET O DEL BERGUED\u00c1 - Cal Bernad\u00e0s\" \/>\n<meta property=\"og:description\" content=\"[vc_row][vc_column][vc_single_image image=\u00a0\u00bb19248&Prime; img_size=\u00a0\u00bbfull\u00a0\u00bb][\/vc_column][\/vc_row][vc_row][vc_column][vc_column_text] Un encuentro con amigos, una reuni\u00f3n importante, Navidades, la Casta\u00f1ada, la fiesta mayor, un aniversario, \u2026 la [&hellip;]\" \/>\n<meta property=\"og:url\" content=\"https:\/\/calbernadas.com\/ca\/blog\/menu-gourmet-menu-bergueda\/\" \/>\n<meta property=\"og:site_name\" content=\"Cal Bernad\u00e0s\" \/>\n<meta property=\"article:publisher\" content=\"https:\/\/www.facebook.com\/calbernadas\" \/>\n<meta property=\"article:published_time\" content=\"2017-11-06T10:23:19+00:00\" \/>\n<meta property=\"article:modified_time\" content=\"2017-12-12T15:36:49+00:00\" \/>\n<meta property=\"og:image\" content=\"https:\/\/calbernadas.com\/wp-content\/uploads\/2017\/11\/labarraca-209-1024x683.jpg\" \/>\n\t<meta property=\"og:image:width\" content=\"1024\" \/>\n\t<meta property=\"og:image:height\" content=\"683\" \/>\n\t<meta property=\"og:image:type\" content=\"image\/jpeg\" \/>\n<meta name=\"author\" content=\"admin\" \/>\n<meta name=\"twitter:card\" content=\"summary_large_image\" \/>\n<meta name=\"twitter:creator\" content=\"@calbernadas\" \/>\n<meta name=\"twitter:site\" content=\"@calbernadas\" \/>\n<meta name=\"twitter:label1\" content=\"\u00c9crit par\" \/>\n\t<meta name=\"twitter:data1\" content=\"admin\" \/>\n\t<meta name=\"twitter:label2\" content=\"Dur\u00e9e de lecture estim\u00e9e\" \/>\n\t<meta name=\"twitter:data2\" content=\"2 minutes\" \/>\n<script type=\"application\/ld+json\" class=\"yoast-schema-graph\">{\"@context\":\"https:\/\/schema.org\",\"@graph\":[{\"@type\":\"Article\",\"@id\":\"https:\/\/calbernadas.com\/ca\/blog\/menu-gourmet-menu-bergueda\/#article\",\"isPartOf\":{\"@id\":\"https:\/\/calbernadas.com\/ca\/blog\/menu-gourmet-menu-bergueda\/\"},\"author\":{\"name\":\"admin\",\"@id\":\"https:\/\/calbernadas.com\/ca\/#\/schema\/person\/46093f07ff08bb892ace34b313f5c126\"},\"headline\":\"UNA NOCHE ROM\u00c1NTICA CON GASTRONOM\u00cdA GOURMET O DEL BERGUED\u00c1\",\"datePublished\":\"2017-11-06T10:23:19+00:00\",\"dateModified\":\"2017-12-12T15:36:49+00:00\",\"mainEntityOfPage\":{\"@id\":\"https:\/\/calbernadas.com\/ca\/blog\/menu-gourmet-menu-bergueda\/\"},\"wordCount\":464,\"commentCount\":0,\"publisher\":{\"@id\":\"https:\/\/calbernadas.com\/ca\/#organization\"},\"articleSection\":[\"Rural&amp;DailyRomantic\",\"Rural&amp;Packs\"],\"inLanguage\":\"fr-FR\"},{\"@type\":\"WebPage\",\"@id\":\"https:\/\/calbernadas.com\/ca\/blog\/menu-gourmet-menu-bergueda\/\",\"url\":\"https:\/\/calbernadas.com\/ca\/blog\/menu-gourmet-menu-bergueda\/\",\"name\":\"UNA NOCHE ROM\u00c1NTICA CON GASTRONOM\u00cdA GOURMET O DEL BERGUED\u00c1 - Cal Bernad\u00e0s\",\"isPartOf\":{\"@id\":\"https:\/\/calbernadas.com\/ca\/#website\"},\"datePublished\":\"2017-11-06T10:23:19+00:00\",\"dateModified\":\"2017-12-12T15:36:49+00:00\",\"breadcrumb\":{\"@id\":\"https:\/\/calbernadas.com\/ca\/blog\/menu-gourmet-menu-bergueda\/#breadcrumb\"},\"inLanguage\":\"fr-FR\",\"potentialAction\":[{\"@type\":\"ReadAction\",\"target\":[\"https:\/\/calbernadas.com\/ca\/blog\/menu-gourmet-menu-bergueda\/\"]}]},{\"@type\":\"BreadcrumbList\",\"@id\":\"https:\/\/calbernadas.com\/ca\/blog\/menu-gourmet-menu-bergueda\/#breadcrumb\",\"itemListElement\":[{\"@type\":\"ListItem\",\"position\":1,\"name\":\"Portada\",\"item\":\"https:\/\/calbernadas.com\/fr\/\"},{\"@type\":\"ListItem\",\"position\":2,\"name\":\"UNA NOCHE ROM\u00c1NTICA CON GASTRONOM\u00cdA GOURMET O DEL BERGUED\u00c1\"}]},{\"@type\":\"WebSite\",\"@id\":\"https:\/\/calbernadas.com\/ca\/#website\",\"url\":\"https:\/\/calbernadas.com\/ca\/\",\"name\":\"Cal Bernad\u00e0s\",\"description\":\"Turisme rural\",\"publisher\":{\"@id\":\"https:\/\/calbernadas.com\/ca\/#organization\"},\"potentialAction\":[{\"@type\":\"SearchAction\",\"target\":{\"@type\":\"EntryPoint\",\"urlTemplate\":\"https:\/\/calbernadas.com\/ca\/?s={search_term_string}\"},\"query-input\":\"required name=search_term_string\"}],\"inLanguage\":\"fr-FR\"},{\"@type\":\"Organization\",\"@id\":\"https:\/\/calbernadas.com\/ca\/#organization\",\"name\":\"Cal Bernad\u00e0s\",\"url\":\"https:\/\/calbernadas.com\/ca\/\",\"logo\":{\"@type\":\"ImageObject\",\"inLanguage\":\"fr-FR\",\"@id\":\"https:\/\/calbernadas.com\/ca\/#\/schema\/logo\/image\/\",\"url\":\"https:\/\/calbernadas.com\/wp-content\/uploads\/2017\/03\/logo_calbernadas2.png\",\"contentUrl\":\"https:\/\/calbernadas.com\/wp-content\/uploads\/2017\/03\/logo_calbernadas2.png\",\"width\":169,\"height\":156,\"caption\":\"Cal Bernad\u00e0s\"},\"image\":{\"@id\":\"https:\/\/calbernadas.com\/ca\/#\/schema\/logo\/image\/\"},\"sameAs\":[\"https:\/\/www.facebook.com\/calbernadas\",\"https:\/\/twitter.com\/calbernadas\",\"https:\/\/instagram.com\/calbernadas\/\",\"http:\/\/www.youtube.es\/calbernadas\"]},{\"@type\":\"Person\",\"@id\":\"https:\/\/calbernadas.com\/ca\/#\/schema\/person\/46093f07ff08bb892ace34b313f5c126\",\"name\":\"admin\",\"image\":{\"@type\":\"ImageObject\",\"inLanguage\":\"fr-FR\",\"@id\":\"https:\/\/calbernadas.com\/ca\/#\/schema\/person\/image\/\",\"url\":\"https:\/\/secure.gravatar.com\/avatar\/aeeb8379a9b592e498740f09863f0d96?s=96&d=mm&r=g\",\"contentUrl\":\"https:\/\/secure.gravatar.com\/avatar\/aeeb8379a9b592e498740f09863f0d96?s=96&d=mm&r=g\",\"caption\":\"admin\"},\"url\":\"https:\/\/calbernadas.com\/fr\/blog\/author\/admin\/\"}]}<\/script>\n<!-- \/ Yoast SEO plugin. -->","yoast_head_json":{"title":"UNA NOCHE ROM\u00c1NTICA CON GASTRONOM\u00cdA GOURMET O DEL BERGUED\u00c1 - Cal Bernad\u00e0s","robots":{"index":"index","follow":"follow","max-snippet":"max-snippet:-1","max-image-preview":"max-image-preview:large","max-video-preview":"max-video-preview:-1"},"canonical":"https:\/\/calbernadas.com\/ca\/blog\/menu-gourmet-menu-bergueda\/","og_locale":"fr_FR","og_type":"article","og_title":"UNA NOCHE ROM\u00c1NTICA CON GASTRONOM\u00cdA GOURMET O DEL BERGUED\u00c1 - Cal Bernad\u00e0s","og_description":"[vc_row][vc_column][vc_single_image image=\u00a0\u00bb19248&Prime; img_size=\u00a0\u00bbfull\u00a0\u00bb][\/vc_column][\/vc_row][vc_row][vc_column][vc_column_text] Un encuentro con amigos, una reuni\u00f3n importante, Navidades, la Casta\u00f1ada, la fiesta mayor, un aniversario, \u2026 la [&hellip;]","og_url":"https:\/\/calbernadas.com\/ca\/blog\/menu-gourmet-menu-bergueda\/","og_site_name":"Cal Bernad\u00e0s","article_publisher":"https:\/\/www.facebook.com\/calbernadas","article_published_time":"2017-11-06T10:23:19+00:00","article_modified_time":"2017-12-12T15:36:49+00:00","og_image":[{"width":1024,"height":683,"url":"https:\/\/calbernadas.com\/wp-content\/uploads\/2017\/11\/labarraca-209-1024x683.jpg","type":"image\/jpeg"}],"author":"admin","twitter_card":"summary_large_image","twitter_creator":"@calbernadas","twitter_site":"@calbernadas","twitter_misc":{"\u00c9crit par":"admin","Dur\u00e9e de lecture estim\u00e9e":"2 minutes"},"schema":{"@context":"https:\/\/schema.org","@graph":[{"@type":"Article","@id":"https:\/\/calbernadas.com\/ca\/blog\/menu-gourmet-menu-bergueda\/#article","isPartOf":{"@id":"https:\/\/calbernadas.com\/ca\/blog\/menu-gourmet-menu-bergueda\/"},"author":{"name":"admin","@id":"https:\/\/calbernadas.com\/ca\/#\/schema\/person\/46093f07ff08bb892ace34b313f5c126"},"headline":"UNA NOCHE ROM\u00c1NTICA CON GASTRONOM\u00cdA GOURMET O DEL BERGUED\u00c1","datePublished":"2017-11-06T10:23:19+00:00","dateModified":"2017-12-12T15:36:49+00:00","mainEntityOfPage":{"@id":"https:\/\/calbernadas.com\/ca\/blog\/menu-gourmet-menu-bergueda\/"},"wordCount":464,"commentCount":0,"publisher":{"@id":"https:\/\/calbernadas.com\/ca\/#organization"},"articleSection":["Rural&amp;DailyRomantic","Rural&amp;Packs"],"inLanguage":"fr-FR"},{"@type":"WebPage","@id":"https:\/\/calbernadas.com\/ca\/blog\/menu-gourmet-menu-bergueda\/","url":"https:\/\/calbernadas.com\/ca\/blog\/menu-gourmet-menu-bergueda\/","name":"UNA NOCHE ROM\u00c1NTICA CON GASTRONOM\u00cdA GOURMET O DEL BERGUED\u00c1 - Cal Bernad\u00e0s","isPartOf":{"@id":"https:\/\/calbernadas.com\/ca\/#website"},"datePublished":"2017-11-06T10:23:19+00:00","dateModified":"2017-12-12T15:36:49+00:00","breadcrumb":{"@id":"https:\/\/calbernadas.com\/ca\/blog\/menu-gourmet-menu-bergueda\/#breadcrumb"},"inLanguage":"fr-FR","potentialAction":[{"@type":"ReadAction","target":["https:\/\/calbernadas.com\/ca\/blog\/menu-gourmet-menu-bergueda\/"]}]},{"@type":"BreadcrumbList","@id":"https:\/\/calbernadas.com\/ca\/blog\/menu-gourmet-menu-bergueda\/#breadcrumb","itemListElement":[{"@type":"ListItem","position":1,"name":"Portada","item":"https:\/\/calbernadas.com\/fr\/"},{"@type":"ListItem","position":2,"name":"UNA NOCHE ROM\u00c1NTICA CON GASTRONOM\u00cdA GOURMET O DEL BERGUED\u00c1"}]},{"@type":"WebSite","@id":"https:\/\/calbernadas.com\/ca\/#website","url":"https:\/\/calbernadas.com\/ca\/","name":"Cal Bernad\u00e0s","description":"Turisme rural","publisher":{"@id":"https:\/\/calbernadas.com\/ca\/#organization"},"potentialAction":[{"@type":"SearchAction","target":{"@type":"EntryPoint","urlTemplate":"https:\/\/calbernadas.com\/ca\/?s={search_term_string}"},"query-input":"required name=search_term_string"}],"inLanguage":"fr-FR"},{"@type":"Organization","@id":"https:\/\/calbernadas.com\/ca\/#organization","name":"Cal Bernad\u00e0s","url":"https:\/\/calbernadas.com\/ca\/","logo":{"@type":"ImageObject","inLanguage":"fr-FR","@id":"https:\/\/calbernadas.com\/ca\/#\/schema\/logo\/image\/","url":"https:\/\/calbernadas.com\/wp-content\/uploads\/2017\/03\/logo_calbernadas2.png","contentUrl":"https:\/\/calbernadas.com\/wp-content\/uploads\/2017\/03\/logo_calbernadas2.png","width":169,"height":156,"caption":"Cal Bernad\u00e0s"},"image":{"@id":"https:\/\/calbernadas.com\/ca\/#\/schema\/logo\/image\/"},"sameAs":["https:\/\/www.facebook.com\/calbernadas","https:\/\/twitter.com\/calbernadas","https:\/\/instagram.com\/calbernadas\/","http:\/\/www.youtube.es\/calbernadas"]},{"@type":"Person","@id":"https:\/\/calbernadas.com\/ca\/#\/schema\/person\/46093f07ff08bb892ace34b313f5c126","name":"admin","image":{"@type":"ImageObject","inLanguage":"fr-FR","@id":"https:\/\/calbernadas.com\/ca\/#\/schema\/person\/image\/","url":"https:\/\/secure.gravatar.com\/avatar\/aeeb8379a9b592e498740f09863f0d96?s=96&d=mm&r=g","contentUrl":"https:\/\/secure.gravatar.com\/avatar\/aeeb8379a9b592e498740f09863f0d96?s=96&d=mm&r=g","caption":"admin"},"url":"https:\/\/calbernadas.com\/fr\/blog\/author\/admin\/"}]}},"_links":{"self":[{"href":"https:\/\/calbernadas.com\/fr\/wp-json\/wp\/v2\/posts\/19708"}],"collection":[{"href":"https:\/\/calbernadas.com\/fr\/wp-json\/wp\/v2\/posts"}],"about":[{"href":"https:\/\/calbernadas.com\/fr\/wp-json\/wp\/v2\/types\/post"}],"author":[{"embeddable":true,"href":"https:\/\/calbernadas.com\/fr\/wp-json\/wp\/v2\/users\/1"}],"replies":[{"embeddable":true,"href":"https:\/\/calbernadas.com\/fr\/wp-json\/wp\/v2\/comments?post=19708"}],"version-history":[{"count":3,"href":"https:\/\/calbernadas.com\/fr\/wp-json\/wp\/v2\/posts\/19708\/revisions"}],"predecessor-version":[{"id":19995,"href":"https:\/\/calbernadas.com\/fr\/wp-json\/wp\/v2\/posts\/19708\/revisions\/19995"}],"wp:featuredmedia":[{"embeddable":true,"href":"https:\/\/calbernadas.com\/fr\/wp-json\/wp\/v2\/media\/19248"}],"wp:attachment":[{"href":"https:\/\/calbernadas.com\/fr\/wp-json\/wp\/v2\/media?parent=19708"}],"wp:term":[{"taxonomy":"category","embeddable":true,"href":"https:\/\/calbernadas.com\/fr\/wp-json\/wp\/v2\/categories?post=19708"},{"taxonomy":"post_tag","embeddable":true,"href":"https:\/\/calbernadas.com\/fr\/wp-json\/wp\/v2\/tags?post=19708"}],"curies":[{"name":"wp","href":"https:\/\/api.w.org\/{rel}","templated":true}]}}