{"id":19000,"date":"2015-06-15T16:21:52","date_gmt":"2015-06-15T15:21:52","guid":{"rendered":"https:\/\/calbernadas.com\/es\/?p=19000"},"modified":"2017-11-29T17:30:59","modified_gmt":"2017-11-29T16:30:59","slug":"martajosep-primavera-estado-puro","status":"publish","type":"post","link":"https:\/\/calbernadas.com\/es\/blog\/martajosep-primavera-estado-puro\/","title":{"rendered":"MARTA&#038;JOSEP. \u00a1PRIMAVERA EN ESTADO PURO!"},"content":{"rendered":"<p>[vc_row][vc_column][vc_custom_heading text=\u00bb\u00a1M\u00e1s verde, m\u00e1s sol, m\u00e1s color, m\u00e1s florido &#8230; imposible!\u00bb][\/vc_column][\/vc_row][vc_row][vc_column][vc_column_text]Primavera en estado puro, pur\u00edsimo. Verde por todas partes y flores de todos los colores. Un cielo azul y un sol brillante. Unos novios radiantes y unos invitados m\u00e1s que simp\u00e1ticos. Detalles por todas partes y una comida excelente. Unos espacios con encanto y bien decorados.<\/p>\n<p>Os dejo unas cuantas im\u00e1genes m\u00e1s para que disfrut\u00e9is de este gran d\u00eda![\/vc_column_text][\/vc_column][\/vc_row][vc_row][vc_column][vc_gallery type=\u00bbimage_grid\u00bb images=\u00bb17275,17280,18326,17274,18325,17283,17277,17282,17286,17278,17279,18329,17276,17273,18327,18328,17284,17285,17272,17281,18330,17287,17288,18331,17289,17294,17295,17296,17297&#8243; img_size=\u00bbfull\u00bb][\/vc_column][\/vc_row][vc_row][vc_column][vc_column_text]<\/p>\n<p style=\"text-align: center;\">Mas\u00eda <a href=\"https:\/\/calbernadas.com\/ca\/celebracions\/el-munt\/\">El Munt. Cal Bernad\u00e0s<\/a><\/p>\n<p style=\"text-align: center;\">Catering: <a href=\"http:\/\/www.airolo.es\/\">Airolo<\/a><\/p>\n<p style=\"text-align: center;\">Decoraci\u00f3n y Wedding Planner: <a href=\"http:\/\/cargocollective.com\/comgou\">Com&amp;Gou<\/a><\/p>\n<p style=\"text-align: center;\">M\u00fasica: <a href=\"http:\/\/www.adtmusic.es\/\">ADT Music<\/a><\/p>\n<p style=\"text-align: center;\">Fotograf\u00eda y video: <a href=\"http:\/\/bodadefoto.es\">Efedos<\/a><\/p>\n<p>[\/vc_column_text][vc_empty_space height=\u00bb80px\u00bb][\/vc_column][\/vc_row][vc_row][vc_column][vc_separator][\/vc_column][\/vc_row]<\/p>\n","protected":false},"excerpt":{"rendered":"<p>[vc_row][vc_column][vc_custom_heading text=\u00bb\u00a1M\u00e1s verde, m\u00e1s sol, m\u00e1s color, m\u00e1s florido &#8230; imposible!\u00bb][\/vc_column][\/vc_row][vc_row][vc_column][vc_column_text]Primavera en estado puro, pur\u00edsimo. Verde por todas partes y [&hellip;]<\/p>\n","protected":false},"author":1,"featured_media":17282,"comment_status":"open","ping_status":"open","sticky":false,"template":"","format":"standard","meta":{"footnotes":""},"categories":[164,244],"tags":[],"yoast_head":"<!-- This site is optimized with the Yoast SEO plugin v21.5 - https:\/\/yoast.com\/wordpress\/plugins\/seo\/ -->\n<title>MARTA&amp;JOSEP. \u00a1PRIMAVERA EN ESTADO PURO! - Cal Bernad\u00e0s<\/title>\n<meta name=\"robots\" content=\"index, follow, max-snippet:-1, max-image-preview:large, max-video-preview:-1\" \/>\n<link rel=\"canonical\" href=\"https:\/\/calbernadas.com\/ca\/blog\/mj-primavera-estat-pur\/\" \/>\n<meta property=\"og:locale\" content=\"es_ES\" \/>\n<meta property=\"og:type\" content=\"article\" \/>\n<meta property=\"og:title\" content=\"MARTA&amp;JOSEP. \u00a1PRIMAVERA EN ESTADO PURO! - Cal Bernad\u00e0s\" \/>\n<meta property=\"og:description\" content=\"[vc_row][vc_column][vc_custom_heading text=\u00bb\u00a1M\u00e1s verde, m\u00e1s sol, m\u00e1s color, m\u00e1s florido &#8230; imposible!\u00bb][\/vc_column][\/vc_row][vc_row][vc_column][vc_column_text]Primavera en estado puro, pur\u00edsimo. Verde por todas partes y [&hellip;]\" \/>\n<meta property=\"og:url\" content=\"https:\/\/calbernadas.com\/ca\/blog\/mj-primavera-estat-pur\/\" \/>\n<meta property=\"og:site_name\" content=\"Cal Bernad\u00e0s\" \/>\n<meta property=\"article:publisher\" content=\"https:\/\/www.facebook.com\/calbernadas\" \/>\n<meta property=\"article:published_time\" content=\"2015-06-15T15:21:52+00:00\" \/>\n<meta property=\"article:modified_time\" content=\"2017-11-29T16:30:59+00:00\" \/>\n<meta property=\"og:image\" content=\"https:\/\/calbernadas.com\/wp-content\/uploads\/2017\/03\/Casament_MartaJosep_El-Munt-11.jpg\" \/>\n\t<meta property=\"og:image:width\" content=\"3306\" \/>\n\t<meta property=\"og:image:height\" content=\"1860\" \/>\n\t<meta property=\"og:image:type\" content=\"image\/jpeg\" \/>\n<meta name=\"author\" content=\"admin\" \/>\n<meta name=\"twitter:card\" content=\"summary_large_image\" \/>\n<meta name=\"twitter:creator\" content=\"@calbernadas\" \/>\n<meta name=\"twitter:site\" content=\"@calbernadas\" \/>\n<meta name=\"twitter:label1\" content=\"Escrito por\" \/>\n\t<meta name=\"twitter:data1\" content=\"admin\" \/>\n\t<meta name=\"twitter:label2\" content=\"Tiempo de lectura\" \/>\n\t<meta name=\"twitter:data2\" content=\"1 minuto\" \/>\n<script type=\"application\/ld+json\" class=\"yoast-schema-graph\">{\"@context\":\"https:\/\/schema.org\",\"@graph\":[{\"@type\":\"Article\",\"@id\":\"https:\/\/calbernadas.com\/ca\/blog\/mj-primavera-estat-pur\/#article\",\"isPartOf\":{\"@id\":\"https:\/\/calbernadas.com\/ca\/blog\/mj-primavera-estat-pur\/\"},\"author\":{\"name\":\"admin\",\"@id\":\"https:\/\/calbernadas.com\/ca\/#\/schema\/person\/46093f07ff08bb892ace34b313f5c126\"},\"headline\":\"MARTA&#038;JOSEP. \u00a1PRIMAVERA EN ESTADO PURO!\",\"datePublished\":\"2015-06-15T15:21:52+00:00\",\"dateModified\":\"2017-11-29T16:30:59+00:00\",\"mainEntityOfPage\":{\"@id\":\"https:\/\/calbernadas.com\/ca\/blog\/mj-primavera-estat-pur\/\"},\"wordCount\":183,\"commentCount\":0,\"publisher\":{\"@id\":\"https:\/\/calbernadas.com\/ca\/#organization\"},\"articleSection\":[\"Celebraciones\",\"Celebraciones_El Munt\"],\"inLanguage\":\"es\"},{\"@type\":\"WebPage\",\"@id\":\"https:\/\/calbernadas.com\/ca\/blog\/mj-primavera-estat-pur\/\",\"url\":\"https:\/\/calbernadas.com\/ca\/blog\/mj-primavera-estat-pur\/\",\"name\":\"MARTA&JOSEP. \u00a1PRIMAVERA EN ESTADO PURO! - Cal Bernad\u00e0s\",\"isPartOf\":{\"@id\":\"https:\/\/calbernadas.com\/ca\/#website\"},\"datePublished\":\"2015-06-15T15:21:52+00:00\",\"dateModified\":\"2017-11-29T16:30:59+00:00\",\"breadcrumb\":{\"@id\":\"https:\/\/calbernadas.com\/ca\/blog\/mj-primavera-estat-pur\/#breadcrumb\"},\"inLanguage\":\"es\",\"potentialAction\":[{\"@type\":\"ReadAction\",\"target\":[\"https:\/\/calbernadas.com\/ca\/blog\/mj-primavera-estat-pur\/\"]}]},{\"@type\":\"BreadcrumbList\",\"@id\":\"https:\/\/calbernadas.com\/ca\/blog\/mj-primavera-estat-pur\/#breadcrumb\",\"itemListElement\":[{\"@type\":\"ListItem\",\"position\":1,\"name\":\"Portada\",\"item\":\"https:\/\/calbernadas.com\/es\/\"},{\"@type\":\"ListItem\",\"position\":2,\"name\":\"MARTA&#038;JOSEP. \u00a1PRIMAVERA EN ESTADO PURO!\"}]},{\"@type\":\"WebSite\",\"@id\":\"https:\/\/calbernadas.com\/ca\/#website\",\"url\":\"https:\/\/calbernadas.com\/ca\/\",\"name\":\"Cal Bernad\u00e0s\",\"description\":\"Turisme rural\",\"publisher\":{\"@id\":\"https:\/\/calbernadas.com\/ca\/#organization\"},\"potentialAction\":[{\"@type\":\"SearchAction\",\"target\":{\"@type\":\"EntryPoint\",\"urlTemplate\":\"https:\/\/calbernadas.com\/ca\/?s={search_term_string}\"},\"query-input\":\"required name=search_term_string\"}],\"inLanguage\":\"es\"},{\"@type\":\"Organization\",\"@id\":\"https:\/\/calbernadas.com\/ca\/#organization\",\"name\":\"Cal Bernad\u00e0s\",\"url\":\"https:\/\/calbernadas.com\/ca\/\",\"logo\":{\"@type\":\"ImageObject\",\"inLanguage\":\"es\",\"@id\":\"https:\/\/calbernadas.com\/ca\/#\/schema\/logo\/image\/\",\"url\":\"https:\/\/calbernadas.com\/wp-content\/uploads\/2017\/03\/logo_calbernadas2.png\",\"contentUrl\":\"https:\/\/calbernadas.com\/wp-content\/uploads\/2017\/03\/logo_calbernadas2.png\",\"width\":169,\"height\":156,\"caption\":\"Cal Bernad\u00e0s\"},\"image\":{\"@id\":\"https:\/\/calbernadas.com\/ca\/#\/schema\/logo\/image\/\"},\"sameAs\":[\"https:\/\/www.facebook.com\/calbernadas\",\"https:\/\/twitter.com\/calbernadas\",\"https:\/\/instagram.com\/calbernadas\/\",\"http:\/\/www.youtube.es\/calbernadas\"]},{\"@type\":\"Person\",\"@id\":\"https:\/\/calbernadas.com\/ca\/#\/schema\/person\/46093f07ff08bb892ace34b313f5c126\",\"name\":\"admin\",\"image\":{\"@type\":\"ImageObject\",\"inLanguage\":\"es\",\"@id\":\"https:\/\/calbernadas.com\/ca\/#\/schema\/person\/image\/\",\"url\":\"https:\/\/secure.gravatar.com\/avatar\/aeeb8379a9b592e498740f09863f0d96?s=96&d=mm&r=g\",\"contentUrl\":\"https:\/\/secure.gravatar.com\/avatar\/aeeb8379a9b592e498740f09863f0d96?s=96&d=mm&r=g\",\"caption\":\"admin\"},\"url\":\"https:\/\/calbernadas.com\/es\/blog\/author\/admin\/\"}]}<\/script>\n<!-- \/ Yoast SEO plugin. -->","yoast_head_json":{"title":"MARTA&JOSEP. \u00a1PRIMAVERA EN ESTADO PURO! - Cal Bernad\u00e0s","robots":{"index":"index","follow":"follow","max-snippet":"max-snippet:-1","max-image-preview":"max-image-preview:large","max-video-preview":"max-video-preview:-1"},"canonical":"https:\/\/calbernadas.com\/ca\/blog\/mj-primavera-estat-pur\/","og_locale":"es_ES","og_type":"article","og_title":"MARTA&JOSEP. \u00a1PRIMAVERA EN ESTADO PURO! - Cal Bernad\u00e0s","og_description":"[vc_row][vc_column][vc_custom_heading text=\u00bb\u00a1M\u00e1s verde, m\u00e1s sol, m\u00e1s color, m\u00e1s florido &#8230; imposible!\u00bb][\/vc_column][\/vc_row][vc_row][vc_column][vc_column_text]Primavera en estado puro, pur\u00edsimo. Verde por todas partes y [&hellip;]","og_url":"https:\/\/calbernadas.com\/ca\/blog\/mj-primavera-estat-pur\/","og_site_name":"Cal Bernad\u00e0s","article_publisher":"https:\/\/www.facebook.com\/calbernadas","article_published_time":"2015-06-15T15:21:52+00:00","article_modified_time":"2017-11-29T16:30:59+00:00","og_image":[{"width":3306,"height":1860,"url":"https:\/\/calbernadas.com\/wp-content\/uploads\/2017\/03\/Casament_MartaJosep_El-Munt-11.jpg","type":"image\/jpeg"}],"author":"admin","twitter_card":"summary_large_image","twitter_creator":"@calbernadas","twitter_site":"@calbernadas","twitter_misc":{"Escrito por":"admin","Tiempo de lectura":"1 minuto"},"schema":{"@context":"https:\/\/schema.org","@graph":[{"@type":"Article","@id":"https:\/\/calbernadas.com\/ca\/blog\/mj-primavera-estat-pur\/#article","isPartOf":{"@id":"https:\/\/calbernadas.com\/ca\/blog\/mj-primavera-estat-pur\/"},"author":{"name":"admin","@id":"https:\/\/calbernadas.com\/ca\/#\/schema\/person\/46093f07ff08bb892ace34b313f5c126"},"headline":"MARTA&#038;JOSEP. \u00a1PRIMAVERA EN ESTADO PURO!","datePublished":"2015-06-15T15:21:52+00:00","dateModified":"2017-11-29T16:30:59+00:00","mainEntityOfPage":{"@id":"https:\/\/calbernadas.com\/ca\/blog\/mj-primavera-estat-pur\/"},"wordCount":183,"commentCount":0,"publisher":{"@id":"https:\/\/calbernadas.com\/ca\/#organization"},"articleSection":["Celebraciones","Celebraciones_El Munt"],"inLanguage":"es"},{"@type":"WebPage","@id":"https:\/\/calbernadas.com\/ca\/blog\/mj-primavera-estat-pur\/","url":"https:\/\/calbernadas.com\/ca\/blog\/mj-primavera-estat-pur\/","name":"MARTA&JOSEP. \u00a1PRIMAVERA EN ESTADO PURO! - Cal Bernad\u00e0s","isPartOf":{"@id":"https:\/\/calbernadas.com\/ca\/#website"},"datePublished":"2015-06-15T15:21:52+00:00","dateModified":"2017-11-29T16:30:59+00:00","breadcrumb":{"@id":"https:\/\/calbernadas.com\/ca\/blog\/mj-primavera-estat-pur\/#breadcrumb"},"inLanguage":"es","potentialAction":[{"@type":"ReadAction","target":["https:\/\/calbernadas.com\/ca\/blog\/mj-primavera-estat-pur\/"]}]},{"@type":"BreadcrumbList","@id":"https:\/\/calbernadas.com\/ca\/blog\/mj-primavera-estat-pur\/#breadcrumb","itemListElement":[{"@type":"ListItem","position":1,"name":"Portada","item":"https:\/\/calbernadas.com\/es\/"},{"@type":"ListItem","position":2,"name":"MARTA&#038;JOSEP. \u00a1PRIMAVERA EN ESTADO PURO!"}]},{"@type":"WebSite","@id":"https:\/\/calbernadas.com\/ca\/#website","url":"https:\/\/calbernadas.com\/ca\/","name":"Cal Bernad\u00e0s","description":"Turisme rural","publisher":{"@id":"https:\/\/calbernadas.com\/ca\/#organization"},"potentialAction":[{"@type":"SearchAction","target":{"@type":"EntryPoint","urlTemplate":"https:\/\/calbernadas.com\/ca\/?s={search_term_string}"},"query-input":"required name=search_term_string"}],"inLanguage":"es"},{"@type":"Organization","@id":"https:\/\/calbernadas.com\/ca\/#organization","name":"Cal Bernad\u00e0s","url":"https:\/\/calbernadas.com\/ca\/","logo":{"@type":"ImageObject","inLanguage":"es","@id":"https:\/\/calbernadas.com\/ca\/#\/schema\/logo\/image\/","url":"https:\/\/calbernadas.com\/wp-content\/uploads\/2017\/03\/logo_calbernadas2.png","contentUrl":"https:\/\/calbernadas.com\/wp-content\/uploads\/2017\/03\/logo_calbernadas2.png","width":169,"height":156,"caption":"Cal Bernad\u00e0s"},"image":{"@id":"https:\/\/calbernadas.com\/ca\/#\/schema\/logo\/image\/"},"sameAs":["https:\/\/www.facebook.com\/calbernadas","https:\/\/twitter.com\/calbernadas","https:\/\/instagram.com\/calbernadas\/","http:\/\/www.youtube.es\/calbernadas"]},{"@type":"Person","@id":"https:\/\/calbernadas.com\/ca\/#\/schema\/person\/46093f07ff08bb892ace34b313f5c126","name":"admin","image":{"@type":"ImageObject","inLanguage":"es","@id":"https:\/\/calbernadas.com\/ca\/#\/schema\/person\/image\/","url":"https:\/\/secure.gravatar.com\/avatar\/aeeb8379a9b592e498740f09863f0d96?s=96&d=mm&r=g","contentUrl":"https:\/\/secure.gravatar.com\/avatar\/aeeb8379a9b592e498740f09863f0d96?s=96&d=mm&r=g","caption":"admin"},"url":"https:\/\/calbernadas.com\/es\/blog\/author\/admin\/"}]}},"_links":{"self":[{"href":"https:\/\/calbernadas.com\/es\/wp-json\/wp\/v2\/posts\/19000"}],"collection":[{"href":"https:\/\/calbernadas.com\/es\/wp-json\/wp\/v2\/posts"}],"about":[{"href":"https:\/\/calbernadas.com\/es\/wp-json\/wp\/v2\/types\/post"}],"author":[{"embeddable":true,"href":"https:\/\/calbernadas.com\/es\/wp-json\/wp\/v2\/users\/1"}],"replies":[{"embeddable":true,"href":"https:\/\/calbernadas.com\/es\/wp-json\/wp\/v2\/comments?post=19000"}],"version-history":[{"count":3,"href":"https:\/\/calbernadas.com\/es\/wp-json\/wp\/v2\/posts\/19000\/revisions"}],"predecessor-version":[{"id":19013,"href":"https:\/\/calbernadas.com\/es\/wp-json\/wp\/v2\/posts\/19000\/revisions\/19013"}],"wp:featuredmedia":[{"embeddable":true,"href":"https:\/\/calbernadas.com\/es\/wp-json\/wp\/v2\/media\/17282"}],"wp:attachment":[{"href":"https:\/\/calbernadas.com\/es\/wp-json\/wp\/v2\/media?parent=19000"}],"wp:term":[{"taxonomy":"category","embeddable":true,"href":"https:\/\/calbernadas.com\/es\/wp-json\/wp\/v2\/categories?post=19000"},{"taxonomy":"post_tag","embeddable":true,"href":"https:\/\/calbernadas.com\/es\/wp-json\/wp\/v2\/tags?post=19000"}],"curies":[{"name":"wp","href":"https:\/\/api.w.org\/{rel}","templated":true}]}}