{"id":18824,"date":"2017-02-20T17:06:43","date_gmt":"2017-02-20T16:06:43","guid":{"rendered":"https:\/\/calbernadas.com\/es\/?p=18824"},"modified":"2017-12-11T12:20:11","modified_gmt":"2017-12-11T11:20:11","slug":"pepjudit-pareja-tan-simpatiquisima","status":"publish","type":"post","link":"https:\/\/calbernadas.com\/es\/blog\/pepjudit-pareja-tan-simpatiquisima\/","title":{"rendered":"PEP&#038;JUDIT. \u00a1QU\u00c9 PAREJA TAN SIMPATIQU\u00cdSIMA!"},"content":{"rendered":"<p>[vc_row][vc_column][vc_custom_heading text=\u00bbPep y Judit se dicen el \u00abSi\u00ab de una forma muy natural\u00bb use_theme_fonts=\u00bbyes\u00bb][\/vc_column][\/vc_row][vc_row][vc_column][vc_column_text]Hac\u00eda mucho tiempo que ten\u00eda ganas de ense\u00f1aros estas im\u00e1genes de Judit y Pep. Una pareja fant\u00e1stica que decidi\u00f3 decir-se el \u00abSI\u00bb a casa nuestra, en la casa rural <a href=\"https:\/\/calbernadas.com\/es\/celebraciones\/la-cabana\/\">La Cabana<\/a>. Para Judit muy cerca de casa; para Pep un poco m\u00e1s lejor ya que decidi\u00f3 traer a tota su fam\u00edlia y amigos de Mallorca.<\/p>\n<p>&nbsp;<\/p>\n<p>Judit y Pep son una pareja muy entra\u00f1able que prepar\u00f3 su boda con mucha ilusi\u00f3n desde el principio.<\/p>\n<p>Pep quer\u00eda hacer una sorpresa a Judit, y contrat\u00f3 a un chofer con un coche antiguo que la fuera a buscar a casa para llevarla en medio del, donde se hab\u00edan de decir el \u00abs\u00ed\u00bb. Si, si, en medio del bosque! Un nuevvo espacio que hab\u00edamos arreglado justo al lado de la Cabana, un bosque de encinas muy acogedor e ideal para los amantes de la naturaleza. Pep y Judit, el d\u00eda que vinieron a conocer la casa enseguida tuvieron claro que quer\u00edan hacer la ceremonia ah\u00ed. Y les qued\u00f3 precioso!<\/p>\n<p>Terminada la ceremonia, el jard\u00edn alrededor de la piscina estaba espectacular con las paradas instaladas por el catering Cal Blay, y los olores que se sent\u00edan hicieron correr todos los invitados, que disfrutaron mucho y bajo un cielo radiante.<\/p>\n<p>La comida, tambi\u00e9n en el exterior, adem\u00e1s de exquisita fue m\u00e1s que animada porque los novios y los invitados no pararon nunca de bailar. Qu\u00e9 marcha!<\/p>\n<p>Y los bailoteos siguieron despu\u00e9s, en el patio de la casa, con unos novios y unos invitados muy animados y dispuestos a pasarlo m\u00e1s que bien.<\/p>\n<p>La boda de Judit y Pep fue fant\u00e1stica, de hecho, no pod\u00eda ir de otra manera. Pep y Judit no perdieron nunca la sonrisa y las ganas locas de pasarlo bien. Ambas familias eran simp\u00e1ticas, animadas y estaban felices de estar celebrando la boda de Pep y Judit. Y los amigos eran entregados, cari\u00f1osos y &#8230; qu\u00e9 marcha que llevaban!<\/p>\n<p>Vamos, que un fiest\u00f3n como debe ser, de los grandes, grandes![\/vc_column_text][vc_separator color=\u00bbwhite\u00bb border_width=\u00bb6&#8243;][vc_separator color=\u00bbwhite\u00bb border_width=\u00bb6&#8243;][\/vc_column][\/vc_row][vc_row][vc_column][vc_gallery type=\u00bbimage_grid\u00bb images=\u00bb16637,16638,16639,16640,16641,16642,16643,16644,16645,16646,16647,16648,16649,16650,16651,16652,16653,16655,16656&#8243; img_size=\u00bbfull\u00bb][\/vc_column][\/vc_row][vc_row][vc_column][vc_column_text]<\/p>\n<p style=\"text-align: center;\">Casa rural <a href=\"https:\/\/calbernadas.com\/ca\/celebracions\/la-cabana\/\">La Cabana. Cal Bernad\u00e0s<\/a>.<\/p>\n<p style=\"text-align: center;\">Catering: <a href=\"http:\/\/cateringcalblay.com\">Cal Blay<\/a><\/p>\n<p style=\"text-align: center;\">M\u00fasica, fotografia y v\u00eddeo: <a href=\"http:\/\/www.parentesisgrup.com\">Par\u00e8ntesis Grup<\/a><\/p>\n<p style=\"text-align: center;\">Decoraci\u00f3n: <a href=\"http:\/\/curriu.com\">Curriu<\/a><\/p>\n<p>[\/vc_column_text][vc_empty_space height=\u00bb80px\u00bb][\/vc_column][\/vc_row][vc_row][vc_column][vc_separator][\/vc_column][\/vc_row]<\/p>\n","protected":false},"excerpt":{"rendered":"<p>[vc_row][vc_column][vc_custom_heading text=\u00bbPep y Judit se dicen el \u00abSi\u00ab de una forma muy natural\u00bb use_theme_fonts=\u00bbyes\u00bb][\/vc_column][\/vc_row][vc_row][vc_column][vc_column_text]Hac\u00eda mucho tiempo que ten\u00eda ganas de [&hellip;]<\/p>\n","protected":false},"author":1,"featured_media":16649,"comment_status":"open","ping_status":"open","sticky":false,"template":"","format":"standard","meta":{"footnotes":""},"categories":[164,247,90],"tags":[],"yoast_head":"<!-- This site is optimized with the Yoast SEO plugin v21.5 - https:\/\/yoast.com\/wordpress\/plugins\/seo\/ -->\n<title>PEP&amp;JUDIT. \u00a1QU\u00c9 PAREJA TAN SIMPATIQU\u00cdSIMA! - Cal Bernad\u00e0s<\/title>\n<meta name=\"robots\" content=\"index, follow, max-snippet:-1, max-image-preview:large, max-video-preview:-1\" \/>\n<link rel=\"canonical\" href=\"https:\/\/calbernadas.com\/ca\/blog\/judit-i-pep-la-cabana\/\" \/>\n<meta property=\"og:locale\" content=\"es_ES\" \/>\n<meta property=\"og:type\" content=\"article\" \/>\n<meta property=\"og:title\" content=\"PEP&amp;JUDIT. \u00a1QU\u00c9 PAREJA TAN SIMPATIQU\u00cdSIMA! - Cal Bernad\u00e0s\" \/>\n<meta property=\"og:description\" content=\"[vc_row][vc_column][vc_custom_heading text=\u00bbPep y Judit se dicen el \u00abSi\u00ab de una forma muy natural\u00bb use_theme_fonts=\u00bbyes\u00bb][\/vc_column][\/vc_row][vc_row][vc_column][vc_column_text]Hac\u00eda mucho tiempo que ten\u00eda ganas de [&hellip;]\" \/>\n<meta property=\"og:url\" content=\"https:\/\/calbernadas.com\/ca\/blog\/judit-i-pep-la-cabana\/\" \/>\n<meta property=\"og:site_name\" content=\"Cal Bernad\u00e0s\" \/>\n<meta property=\"article:publisher\" content=\"https:\/\/www.facebook.com\/calbernadas\" \/>\n<meta property=\"article:published_time\" content=\"2017-02-20T16:06:43+00:00\" \/>\n<meta property=\"article:modified_time\" content=\"2017-12-11T11:20:11+00:00\" \/>\n<meta property=\"og:image\" content=\"https:\/\/calbernadas.com\/wp-content\/uploads\/2017\/02\/14.-Pep-i-Judit.-Boda-La-Cabana.-Cal-Bernad\u00e0s.jpg\" \/>\n\t<meta property=\"og:image:width\" content=\"1500\" \/>\n\t<meta property=\"og:image:height\" content=\"1001\" \/>\n\t<meta property=\"og:image:type\" content=\"image\/jpeg\" \/>\n<meta name=\"author\" content=\"admin\" \/>\n<meta name=\"twitter:card\" content=\"summary_large_image\" \/>\n<meta name=\"twitter:creator\" content=\"@calbernadas\" \/>\n<meta name=\"twitter:site\" content=\"@calbernadas\" \/>\n<meta name=\"twitter:label1\" content=\"Escrito por\" \/>\n\t<meta name=\"twitter:data1\" content=\"admin\" \/>\n\t<meta name=\"twitter:label2\" content=\"Tiempo de lectura\" \/>\n\t<meta name=\"twitter:data2\" content=\"2 minutos\" \/>\n<script type=\"application\/ld+json\" class=\"yoast-schema-graph\">{\"@context\":\"https:\/\/schema.org\",\"@graph\":[{\"@type\":\"Article\",\"@id\":\"https:\/\/calbernadas.com\/ca\/blog\/judit-i-pep-la-cabana\/#article\",\"isPartOf\":{\"@id\":\"https:\/\/calbernadas.com\/ca\/blog\/judit-i-pep-la-cabana\/\"},\"author\":{\"name\":\"admin\",\"@id\":\"https:\/\/calbernadas.com\/ca\/#\/schema\/person\/46093f07ff08bb892ace34b313f5c126\"},\"headline\":\"PEP&#038;JUDIT. \u00a1QU\u00c9 PAREJA TAN SIMPATIQU\u00cdSIMA!\",\"datePublished\":\"2017-02-20T16:06:43+00:00\",\"dateModified\":\"2017-12-11T11:20:11+00:00\",\"mainEntityOfPage\":{\"@id\":\"https:\/\/calbernadas.com\/ca\/blog\/judit-i-pep-la-cabana\/\"},\"wordCount\":481,\"commentCount\":0,\"publisher\":{\"@id\":\"https:\/\/calbernadas.com\/ca\/#organization\"},\"articleSection\":[\"Celebraciones\",\"Celebraciones_La Cabana\",\"Sin categorizar\"],\"inLanguage\":\"es\"},{\"@type\":\"WebPage\",\"@id\":\"https:\/\/calbernadas.com\/ca\/blog\/judit-i-pep-la-cabana\/\",\"url\":\"https:\/\/calbernadas.com\/ca\/blog\/judit-i-pep-la-cabana\/\",\"name\":\"PEP&JUDIT. \u00a1QU\u00c9 PAREJA TAN SIMPATIQU\u00cdSIMA! - Cal Bernad\u00e0s\",\"isPartOf\":{\"@id\":\"https:\/\/calbernadas.com\/ca\/#website\"},\"datePublished\":\"2017-02-20T16:06:43+00:00\",\"dateModified\":\"2017-12-11T11:20:11+00:00\",\"breadcrumb\":{\"@id\":\"https:\/\/calbernadas.com\/ca\/blog\/judit-i-pep-la-cabana\/#breadcrumb\"},\"inLanguage\":\"es\",\"potentialAction\":[{\"@type\":\"ReadAction\",\"target\":[\"https:\/\/calbernadas.com\/ca\/blog\/judit-i-pep-la-cabana\/\"]}]},{\"@type\":\"BreadcrumbList\",\"@id\":\"https:\/\/calbernadas.com\/ca\/blog\/judit-i-pep-la-cabana\/#breadcrumb\",\"itemListElement\":[{\"@type\":\"ListItem\",\"position\":1,\"name\":\"Portada\",\"item\":\"https:\/\/calbernadas.com\/es\/\"},{\"@type\":\"ListItem\",\"position\":2,\"name\":\"PEP&#038;JUDIT. \u00a1QU\u00c9 PAREJA TAN SIMPATIQU\u00cdSIMA!\"}]},{\"@type\":\"WebSite\",\"@id\":\"https:\/\/calbernadas.com\/ca\/#website\",\"url\":\"https:\/\/calbernadas.com\/ca\/\",\"name\":\"Cal Bernad\u00e0s\",\"description\":\"Turisme rural\",\"publisher\":{\"@id\":\"https:\/\/calbernadas.com\/ca\/#organization\"},\"potentialAction\":[{\"@type\":\"SearchAction\",\"target\":{\"@type\":\"EntryPoint\",\"urlTemplate\":\"https:\/\/calbernadas.com\/ca\/?s={search_term_string}\"},\"query-input\":\"required name=search_term_string\"}],\"inLanguage\":\"es\"},{\"@type\":\"Organization\",\"@id\":\"https:\/\/calbernadas.com\/ca\/#organization\",\"name\":\"Cal Bernad\u00e0s\",\"url\":\"https:\/\/calbernadas.com\/ca\/\",\"logo\":{\"@type\":\"ImageObject\",\"inLanguage\":\"es\",\"@id\":\"https:\/\/calbernadas.com\/ca\/#\/schema\/logo\/image\/\",\"url\":\"https:\/\/calbernadas.com\/wp-content\/uploads\/2017\/03\/logo_calbernadas2.png\",\"contentUrl\":\"https:\/\/calbernadas.com\/wp-content\/uploads\/2017\/03\/logo_calbernadas2.png\",\"width\":169,\"height\":156,\"caption\":\"Cal Bernad\u00e0s\"},\"image\":{\"@id\":\"https:\/\/calbernadas.com\/ca\/#\/schema\/logo\/image\/\"},\"sameAs\":[\"https:\/\/www.facebook.com\/calbernadas\",\"https:\/\/twitter.com\/calbernadas\",\"https:\/\/instagram.com\/calbernadas\/\",\"http:\/\/www.youtube.es\/calbernadas\"]},{\"@type\":\"Person\",\"@id\":\"https:\/\/calbernadas.com\/ca\/#\/schema\/person\/46093f07ff08bb892ace34b313f5c126\",\"name\":\"admin\",\"image\":{\"@type\":\"ImageObject\",\"inLanguage\":\"es\",\"@id\":\"https:\/\/calbernadas.com\/ca\/#\/schema\/person\/image\/\",\"url\":\"https:\/\/secure.gravatar.com\/avatar\/aeeb8379a9b592e498740f09863f0d96?s=96&d=mm&r=g\",\"contentUrl\":\"https:\/\/secure.gravatar.com\/avatar\/aeeb8379a9b592e498740f09863f0d96?s=96&d=mm&r=g\",\"caption\":\"admin\"},\"url\":\"https:\/\/calbernadas.com\/es\/blog\/author\/admin\/\"}]}<\/script>\n<!-- \/ Yoast SEO plugin. -->","yoast_head_json":{"title":"PEP&JUDIT. \u00a1QU\u00c9 PAREJA TAN SIMPATIQU\u00cdSIMA! - Cal Bernad\u00e0s","robots":{"index":"index","follow":"follow","max-snippet":"max-snippet:-1","max-image-preview":"max-image-preview:large","max-video-preview":"max-video-preview:-1"},"canonical":"https:\/\/calbernadas.com\/ca\/blog\/judit-i-pep-la-cabana\/","og_locale":"es_ES","og_type":"article","og_title":"PEP&JUDIT. \u00a1QU\u00c9 PAREJA TAN SIMPATIQU\u00cdSIMA! - Cal Bernad\u00e0s","og_description":"[vc_row][vc_column][vc_custom_heading text=\u00bbPep y Judit se dicen el \u00abSi\u00ab de una forma muy natural\u00bb use_theme_fonts=\u00bbyes\u00bb][\/vc_column][\/vc_row][vc_row][vc_column][vc_column_text]Hac\u00eda mucho tiempo que ten\u00eda ganas de [&hellip;]","og_url":"https:\/\/calbernadas.com\/ca\/blog\/judit-i-pep-la-cabana\/","og_site_name":"Cal Bernad\u00e0s","article_publisher":"https:\/\/www.facebook.com\/calbernadas","article_published_time":"2017-02-20T16:06:43+00:00","article_modified_time":"2017-12-11T11:20:11+00:00","og_image":[{"width":1500,"height":1001,"url":"https:\/\/calbernadas.com\/wp-content\/uploads\/2017\/02\/14.-Pep-i-Judit.-Boda-La-Cabana.-Cal-Bernad\u00e0s.jpg","type":"image\/jpeg"}],"author":"admin","twitter_card":"summary_large_image","twitter_creator":"@calbernadas","twitter_site":"@calbernadas","twitter_misc":{"Escrito por":"admin","Tiempo de lectura":"2 minutos"},"schema":{"@context":"https:\/\/schema.org","@graph":[{"@type":"Article","@id":"https:\/\/calbernadas.com\/ca\/blog\/judit-i-pep-la-cabana\/#article","isPartOf":{"@id":"https:\/\/calbernadas.com\/ca\/blog\/judit-i-pep-la-cabana\/"},"author":{"name":"admin","@id":"https:\/\/calbernadas.com\/ca\/#\/schema\/person\/46093f07ff08bb892ace34b313f5c126"},"headline":"PEP&#038;JUDIT. \u00a1QU\u00c9 PAREJA TAN SIMPATIQU\u00cdSIMA!","datePublished":"2017-02-20T16:06:43+00:00","dateModified":"2017-12-11T11:20:11+00:00","mainEntityOfPage":{"@id":"https:\/\/calbernadas.com\/ca\/blog\/judit-i-pep-la-cabana\/"},"wordCount":481,"commentCount":0,"publisher":{"@id":"https:\/\/calbernadas.com\/ca\/#organization"},"articleSection":["Celebraciones","Celebraciones_La Cabana","Sin categorizar"],"inLanguage":"es"},{"@type":"WebPage","@id":"https:\/\/calbernadas.com\/ca\/blog\/judit-i-pep-la-cabana\/","url":"https:\/\/calbernadas.com\/ca\/blog\/judit-i-pep-la-cabana\/","name":"PEP&JUDIT. \u00a1QU\u00c9 PAREJA TAN SIMPATIQU\u00cdSIMA! - Cal Bernad\u00e0s","isPartOf":{"@id":"https:\/\/calbernadas.com\/ca\/#website"},"datePublished":"2017-02-20T16:06:43+00:00","dateModified":"2017-12-11T11:20:11+00:00","breadcrumb":{"@id":"https:\/\/calbernadas.com\/ca\/blog\/judit-i-pep-la-cabana\/#breadcrumb"},"inLanguage":"es","potentialAction":[{"@type":"ReadAction","target":["https:\/\/calbernadas.com\/ca\/blog\/judit-i-pep-la-cabana\/"]}]},{"@type":"BreadcrumbList","@id":"https:\/\/calbernadas.com\/ca\/blog\/judit-i-pep-la-cabana\/#breadcrumb","itemListElement":[{"@type":"ListItem","position":1,"name":"Portada","item":"https:\/\/calbernadas.com\/es\/"},{"@type":"ListItem","position":2,"name":"PEP&#038;JUDIT. \u00a1QU\u00c9 PAREJA TAN SIMPATIQU\u00cdSIMA!"}]},{"@type":"WebSite","@id":"https:\/\/calbernadas.com\/ca\/#website","url":"https:\/\/calbernadas.com\/ca\/","name":"Cal Bernad\u00e0s","description":"Turisme rural","publisher":{"@id":"https:\/\/calbernadas.com\/ca\/#organization"},"potentialAction":[{"@type":"SearchAction","target":{"@type":"EntryPoint","urlTemplate":"https:\/\/calbernadas.com\/ca\/?s={search_term_string}"},"query-input":"required name=search_term_string"}],"inLanguage":"es"},{"@type":"Organization","@id":"https:\/\/calbernadas.com\/ca\/#organization","name":"Cal Bernad\u00e0s","url":"https:\/\/calbernadas.com\/ca\/","logo":{"@type":"ImageObject","inLanguage":"es","@id":"https:\/\/calbernadas.com\/ca\/#\/schema\/logo\/image\/","url":"https:\/\/calbernadas.com\/wp-content\/uploads\/2017\/03\/logo_calbernadas2.png","contentUrl":"https:\/\/calbernadas.com\/wp-content\/uploads\/2017\/03\/logo_calbernadas2.png","width":169,"height":156,"caption":"Cal Bernad\u00e0s"},"image":{"@id":"https:\/\/calbernadas.com\/ca\/#\/schema\/logo\/image\/"},"sameAs":["https:\/\/www.facebook.com\/calbernadas","https:\/\/twitter.com\/calbernadas","https:\/\/instagram.com\/calbernadas\/","http:\/\/www.youtube.es\/calbernadas"]},{"@type":"Person","@id":"https:\/\/calbernadas.com\/ca\/#\/schema\/person\/46093f07ff08bb892ace34b313f5c126","name":"admin","image":{"@type":"ImageObject","inLanguage":"es","@id":"https:\/\/calbernadas.com\/ca\/#\/schema\/person\/image\/","url":"https:\/\/secure.gravatar.com\/avatar\/aeeb8379a9b592e498740f09863f0d96?s=96&d=mm&r=g","contentUrl":"https:\/\/secure.gravatar.com\/avatar\/aeeb8379a9b592e498740f09863f0d96?s=96&d=mm&r=g","caption":"admin"},"url":"https:\/\/calbernadas.com\/es\/blog\/author\/admin\/"}]}},"_links":{"self":[{"href":"https:\/\/calbernadas.com\/es\/wp-json\/wp\/v2\/posts\/18824"}],"collection":[{"href":"https:\/\/calbernadas.com\/es\/wp-json\/wp\/v2\/posts"}],"about":[{"href":"https:\/\/calbernadas.com\/es\/wp-json\/wp\/v2\/types\/post"}],"author":[{"embeddable":true,"href":"https:\/\/calbernadas.com\/es\/wp-json\/wp\/v2\/users\/1"}],"replies":[{"embeddable":true,"href":"https:\/\/calbernadas.com\/es\/wp-json\/wp\/v2\/comments?post=18824"}],"version-history":[{"count":4,"href":"https:\/\/calbernadas.com\/es\/wp-json\/wp\/v2\/posts\/18824\/revisions"}],"predecessor-version":[{"id":19952,"href":"https:\/\/calbernadas.com\/es\/wp-json\/wp\/v2\/posts\/18824\/revisions\/19952"}],"wp:featuredmedia":[{"embeddable":true,"href":"https:\/\/calbernadas.com\/es\/wp-json\/wp\/v2\/media\/16649"}],"wp:attachment":[{"href":"https:\/\/calbernadas.com\/es\/wp-json\/wp\/v2\/media?parent=18824"}],"wp:term":[{"taxonomy":"category","embeddable":true,"href":"https:\/\/calbernadas.com\/es\/wp-json\/wp\/v2\/categories?post=18824"},{"taxonomy":"post_tag","embeddable":true,"href":"https:\/\/calbernadas.com\/es\/wp-json\/wp\/v2\/tags?post=18824"}],"curies":[{"name":"wp","href":"https:\/\/api.w.org\/{rel}","templated":true}]}}