{"id":19787,"date":"2014-12-10T15:54:35","date_gmt":"2014-12-10T14:54:35","guid":{"rendered":"https:\/\/calbernadas.com\/en\/?p=19787"},"modified":"2017-12-11T12:52:42","modified_gmt":"2017-12-11T11:52:42","slug":"kristymark-cuando-empieza-dia-b","status":"publish","type":"post","link":"https:\/\/calbernadas.com\/en\/blog\/kristymark-cuando-empieza-dia-b\/","title":{"rendered":"KRISTY&#038;MARK. CUANDO EMPIEZA EL D\u00cdA &#8220;B&#8221;?"},"content":{"rendered":"<p>[vc_row][vc_column][vc_column_text]\u00bfCuando empieza el d\u00eda &#8220;B&#8221;? \u00bfA la entrada del novio en la cerimonia? \u00bfO bien a la entrada de la novia? \u00bfQuiz\u00e1s cuando el padrino ofrece el ramo a la novia? \u00bfO &#8230; a la llegada de los invitados?<\/p>\n<p>Hay muchas maneras de ver y vivir el inicio de una boda y seguro que hay tantas como personas asisten. Para m\u00ed, en el caso de Kristy y Mark, como la mayor\u00eda de familiars y amigos, lo tenemos claro:<\/p>\n<p>\u00a1Comenz\u00f3 de madrugada cuando todos nosotros nos pusimos de cara al trabajo!<\/p>\n<p>Kristy y Mark son una pareja americana que decidi\u00f3 casarse en El Munt. Si, si, atravesaron el \u201ccharco\u201d con todos sus m\u00e1s cercanos para celebrar su gran d\u00eda!<\/p>\n<p>Previamente, casi 12 meses antes, comenz\u00f3 la aventura. Ellos en Estados Unidos y yo aqu\u00ed buscando y rebuscando todo lo que ellos deseaban, haciendo Skypes y muchos emails, y al final \u00a1lo conseguimos! \u00a1Nos plantamos\u00a0al d\u00eda 16 de Julio con muchas ganas de poner im\u00e1genes a todo lo qe hab\u00edan imaginado!<\/p>\n<p>Luego comenz\u00f3 a amanecer, todo el mundo arranc\u00f3 motores y aquello fue un no parar. Esto es lo que tiene El Munt. Hay trabajos\u00a0para todos, y siempre encuentras a alguien dispuesto a ayudarte.<\/p>\n<p>Es divertido entrar en la cocina y ver c\u00f3mo mientras unos desayunan, los dem\u00e1s llegan del bosque de buscar flores silvestres y las ponen con agua para que no se marchitan.<\/p>\n<p>Salir fuera el jard\u00edn y mientras unos paran el sol y se relajan en la piscina, los otros cargan mesas y sillas dise\u00f1ando cu\u00e1l es la mejor manera de distribuirlo todo. Y entonces te surgen dudas, de si poner las tablas m\u00e1s hacia la derecha o m\u00e1s a la izquierda, y haces un grito, y salen de arriba en la terraza de la suite las damas de honor y te aconsejan sobre cual\u00a0es la mejor manera.<\/p>\n<p>Y si entras de nuevo en la casa y subes al primer piso, en la sala de estar siempre hay quien aprovecha para ponerse al d\u00eda de los correos electr\u00f3nicos, quien plancha las vestimentas para el gran d\u00eda o bien, simplemente, hay quien descansa con un buen libro.[\/vc_column_text][\/vc_column][\/vc_row][vc_row][vc_column][vc_gallery type=&#8221;image_grid&#8221; images=&#8221;18729,18730,18731,18722,18723,18724,18725,18726,18727,18728&#8243; img_size=&#8221;full&#8221;][\/vc_column][\/vc_row][vc_row][vc_column][vc_column_text]Mientras tanto, la novia se pone a punt en la gran Suite, un espacio donde no puede entrar todo el mundo. Las damas de honor, como los soldados en un castillo, controlan el acceso, a la vez que aconsejan y cuidan a la novia en todo momento: un buen desayuno, una buena copa de cava, fotos divertidas, mucha risas&#8230; vaya, que es un momento muy \u00edntimo, un momento de la novia con sus m\u00e1s cercanas, su madre y &#8230; de vez en cuando conmigo, que entro con un mont\u00f3n\u00a0de preguntes! ;)[\/vc_column_text][\/vc_column][\/vc_row][vc_row][vc_column][vc_gallery type=&#8221;image_grid&#8221; images=&#8221;18734,18735,18736,18737,18738&#8243; img_size=&#8221;full&#8221;][\/vc_column][\/vc_row][vc_row][vc_column][vc_column_text]A medida que va pasando el d\u00eda, la actividad cada vez es m\u00e1s intensa: en la cocina se montan los centros de mesa buscando jarrones, botes y material vario; el comedor, se ponen a punto las iluminaciones nocturnas; en el jard\u00edn, mientras terminan de pulir los \u00faltimos detalles de la ceremonia, otros limpian la piscina, y otros acaban con las \u00faltimas decoraciones; se piensan y escriben en las pizarritas todos los mensajes que acompa\u00f1ar\u00e1n durante el d\u00eda, &#8230; \u00a1y tantas coses m\u00e1s!<\/p>\n<p>El momento se acerca, y el novio se va poniendo a punto entre risas, momentos de reflexi\u00f3n, nervios, una buena cerveza con los amigos y momentos \u00edntimos entre padre e hijo.<\/p>\n<p>La novia, por su parte, se enfunda en el traje, aquel vestido tan esperado, tan rumiado, tan so\u00f1ado. Momentos tambi\u00e9n muy intensos con la mare, con\u00a0las dames de honor.<\/p>\n<p>Momentos donde infinidad de pensamientos y emociones se cruzan.<\/p>\n<p>[\/vc_column_text][\/vc_column][\/vc_row][vc_row][vc_column][vc_gallery type=&#8221;image_grid&#8221; images=&#8221;18744,18745,18746,18747,18748,18749,18739,18740,18741,18742&#8243; img_size=&#8221;full&#8221;][\/vc_column][\/vc_row][vc_row][vc_column][vc_column_text]Y el momento llega. El momento en que Mark se acerca a la gran habitaci\u00f3n del castillo para encontrar su princesa, Kristy. Un momento m\u00e1gico, un momento que marca un antes y un despu\u00e9s del gran dia. Un momento \u00fanico, su momento, el momento de la Kristy y el Mark.[\/vc_column_text][\/vc_column][\/vc_row][vc_row][vc_column][vc_gallery type=&#8221;image_grid&#8221; images=&#8221;18750,18751,18752,18753,18754,18755,18756&#8243; img_size=&#8221;full&#8221;][\/vc_column][\/vc_row][vc_row][vc_column][vc_column_text]<\/p>\n<p style=\"text-align: center;\">Espacio: <a href=\"https:\/\/calbernadas.com\/ca\/celebracions\/el-munt\/\">Mas\u00eda el Munt. Cal Bernad\u00e0s\u00a0<\/a><\/p>\n<p style=\"text-align: center;\">Organitzaci\u00f3n y planificaci\u00f3n de la boda: <a href=\"https:\/\/calbernadas.com\/ca\/celebracions\/wedding-planner\/\">Anna Niub\u00f2. Cal Bernad\u00e0s<\/a><\/p>\n<p style=\"text-align: center;\">Fotograf\u00eda: <a href=\"http:\/\/www.fotografiasitges.com\">Fotografia Sitges<\/a><\/p>\n<p style=\"text-align: center;\">V\u00eddeo: <a href=\"http:\/\/www.onedayonesong.info\">OneDayOneSong<\/a><\/p>\n<p style=\"text-align: center;\">Catering: <a href=\"http:\/\/www.leepennington.com\">Lee Pennington<\/a><\/p>\n<p style=\"text-align: center;\">Sonoritzaci\u00f3n y DJ: <a href=\"http:\/\/www.parentesisgrup.com\">Par\u00e8ntesis Grup<\/a><\/p>\n<p style=\"text-align: center;\">Ramo novia y damas de honor: <a href=\"http:\/\/molistfloristes.com\">Molist Floristes<\/a><\/p>\n<p>[\/vc_column_text][\/vc_column][\/vc_row][vc_row][vc_column][vc_empty_space height=&#8221;80px&#8221;][\/vc_column][\/vc_row]<\/p>\n","protected":false},"excerpt":{"rendered":"<p>[vc_row][vc_column][vc_column_text]\u00bfCuando empieza el d\u00eda &#8220;B&#8221;? \u00bfA la entrada del novio en la cerimonia? \u00bfO bien a la entrada de la [&hellip;]<\/p>\n","protected":false},"author":1,"featured_media":18756,"comment_status":"open","ping_status":"open","sticky":false,"template":"","format":"standard","meta":{"footnotes":""},"categories":[165,242,248],"tags":[],"yoast_head":"<!-- This site is optimized with the Yoast SEO plugin v21.5 - https:\/\/yoast.com\/wordpress\/plugins\/seo\/ -->\n<title>KRISTY&amp;MARK. CUANDO EMPIEZA EL D\u00cdA &quot;B&quot;? - Cal Bernad\u00e0s<\/title>\n<meta name=\"robots\" content=\"index, follow, max-snippet:-1, max-image-preview:large, max-video-preview:-1\" \/>\n<link rel=\"canonical\" href=\"https:\/\/calbernadas.com\/ca\/blog\/kristymark-quan-comenca-dia-b\/\" \/>\n<meta property=\"og:locale\" content=\"en_US\" \/>\n<meta property=\"og:type\" content=\"article\" \/>\n<meta property=\"og:title\" content=\"KRISTY&amp;MARK. CUANDO EMPIEZA EL D\u00cdA &quot;B&quot;? - Cal Bernad\u00e0s\" \/>\n<meta property=\"og:description\" content=\"[vc_row][vc_column][vc_column_text]\u00bfCuando empieza el d\u00eda &#8220;B&#8221;? \u00bfA la entrada del novio en la cerimonia? \u00bfO bien a la entrada de la [&hellip;]\" \/>\n<meta property=\"og:url\" content=\"https:\/\/calbernadas.com\/ca\/blog\/kristymark-quan-comenca-dia-b\/\" \/>\n<meta property=\"og:site_name\" content=\"Cal Bernad\u00e0s\" \/>\n<meta property=\"article:publisher\" content=\"https:\/\/www.facebook.com\/calbernadas\" \/>\n<meta property=\"article:published_time\" content=\"2014-12-10T14:54:35+00:00\" \/>\n<meta property=\"article:modified_time\" content=\"2017-12-11T11:52:42+00:00\" \/>\n<meta property=\"og:image\" content=\"https:\/\/calbernadas.com\/wp-content\/uploads\/2017\/06\/05-Wedding-Cal-Bernadas-197a.jpg\" \/>\n\t<meta property=\"og:image:width\" content=\"4202\" \/>\n\t<meta property=\"og:image:height\" content=\"2546\" \/>\n\t<meta property=\"og:image:type\" content=\"image\/jpeg\" \/>\n<meta name=\"author\" content=\"admin\" \/>\n<meta name=\"twitter:card\" content=\"summary_large_image\" \/>\n<meta name=\"twitter:creator\" content=\"@calbernadas\" \/>\n<meta name=\"twitter:site\" content=\"@calbernadas\" \/>\n<meta name=\"twitter:label1\" content=\"Written by\" \/>\n\t<meta name=\"twitter:data1\" content=\"admin\" \/>\n\t<meta name=\"twitter:label2\" content=\"Est. reading time\" \/>\n\t<meta name=\"twitter:data2\" content=\"4 minutes\" \/>\n<script type=\"application\/ld+json\" class=\"yoast-schema-graph\">{\"@context\":\"https:\/\/schema.org\",\"@graph\":[{\"@type\":\"Article\",\"@id\":\"https:\/\/calbernadas.com\/ca\/blog\/kristymark-quan-comenca-dia-b\/#article\",\"isPartOf\":{\"@id\":\"https:\/\/calbernadas.com\/ca\/blog\/kristymark-quan-comenca-dia-b\/\"},\"author\":{\"name\":\"admin\",\"@id\":\"https:\/\/calbernadas.com\/ca\/#\/schema\/person\/46093f07ff08bb892ace34b313f5c126\"},\"headline\":\"KRISTY&#038;MARK. CUANDO EMPIEZA EL D\u00cdA &#8220;B&#8221;?\",\"datePublished\":\"2014-12-10T14:54:35+00:00\",\"dateModified\":\"2017-12-11T11:52:42+00:00\",\"mainEntityOfPage\":{\"@id\":\"https:\/\/calbernadas.com\/ca\/blog\/kristymark-quan-comenca-dia-b\/\"},\"wordCount\":886,\"commentCount\":0,\"publisher\":{\"@id\":\"https:\/\/calbernadas.com\/ca\/#organization\"},\"articleSection\":[\"Celebrations\",\"Celebrations_El Munt\",\"Celebrations_Wedding Planner\"],\"inLanguage\":\"en-US\"},{\"@type\":\"WebPage\",\"@id\":\"https:\/\/calbernadas.com\/ca\/blog\/kristymark-quan-comenca-dia-b\/\",\"url\":\"https:\/\/calbernadas.com\/ca\/blog\/kristymark-quan-comenca-dia-b\/\",\"name\":\"KRISTY&MARK. CUANDO EMPIEZA EL D\u00cdA \\\"B\\\"? - Cal Bernad\u00e0s\",\"isPartOf\":{\"@id\":\"https:\/\/calbernadas.com\/ca\/#website\"},\"datePublished\":\"2014-12-10T14:54:35+00:00\",\"dateModified\":\"2017-12-11T11:52:42+00:00\",\"breadcrumb\":{\"@id\":\"https:\/\/calbernadas.com\/ca\/blog\/kristymark-quan-comenca-dia-b\/#breadcrumb\"},\"inLanguage\":\"en-US\",\"potentialAction\":[{\"@type\":\"ReadAction\",\"target\":[\"https:\/\/calbernadas.com\/ca\/blog\/kristymark-quan-comenca-dia-b\/\"]}]},{\"@type\":\"BreadcrumbList\",\"@id\":\"https:\/\/calbernadas.com\/ca\/blog\/kristymark-quan-comenca-dia-b\/#breadcrumb\",\"itemListElement\":[{\"@type\":\"ListItem\",\"position\":1,\"name\":\"Portada\",\"item\":\"https:\/\/calbernadas.com\/en\/\"},{\"@type\":\"ListItem\",\"position\":2,\"name\":\"KRISTY&#038;MARK. CUANDO EMPIEZA EL D\u00cdA &#8220;B&#8221;?\"}]},{\"@type\":\"WebSite\",\"@id\":\"https:\/\/calbernadas.com\/ca\/#website\",\"url\":\"https:\/\/calbernadas.com\/ca\/\",\"name\":\"Cal Bernad\u00e0s\",\"description\":\"Turisme rural\",\"publisher\":{\"@id\":\"https:\/\/calbernadas.com\/ca\/#organization\"},\"potentialAction\":[{\"@type\":\"SearchAction\",\"target\":{\"@type\":\"EntryPoint\",\"urlTemplate\":\"https:\/\/calbernadas.com\/ca\/?s={search_term_string}\"},\"query-input\":\"required name=search_term_string\"}],\"inLanguage\":\"en-US\"},{\"@type\":\"Organization\",\"@id\":\"https:\/\/calbernadas.com\/ca\/#organization\",\"name\":\"Cal Bernad\u00e0s\",\"url\":\"https:\/\/calbernadas.com\/ca\/\",\"logo\":{\"@type\":\"ImageObject\",\"inLanguage\":\"en-US\",\"@id\":\"https:\/\/calbernadas.com\/ca\/#\/schema\/logo\/image\/\",\"url\":\"https:\/\/calbernadas.com\/wp-content\/uploads\/2017\/03\/logo_calbernadas2.png\",\"contentUrl\":\"https:\/\/calbernadas.com\/wp-content\/uploads\/2017\/03\/logo_calbernadas2.png\",\"width\":169,\"height\":156,\"caption\":\"Cal Bernad\u00e0s\"},\"image\":{\"@id\":\"https:\/\/calbernadas.com\/ca\/#\/schema\/logo\/image\/\"},\"sameAs\":[\"https:\/\/www.facebook.com\/calbernadas\",\"https:\/\/twitter.com\/calbernadas\",\"https:\/\/instagram.com\/calbernadas\/\",\"http:\/\/www.youtube.es\/calbernadas\"]},{\"@type\":\"Person\",\"@id\":\"https:\/\/calbernadas.com\/ca\/#\/schema\/person\/46093f07ff08bb892ace34b313f5c126\",\"name\":\"admin\",\"image\":{\"@type\":\"ImageObject\",\"inLanguage\":\"en-US\",\"@id\":\"https:\/\/calbernadas.com\/ca\/#\/schema\/person\/image\/\",\"url\":\"https:\/\/secure.gravatar.com\/avatar\/aeeb8379a9b592e498740f09863f0d96?s=96&d=mm&r=g\",\"contentUrl\":\"https:\/\/secure.gravatar.com\/avatar\/aeeb8379a9b592e498740f09863f0d96?s=96&d=mm&r=g\",\"caption\":\"admin\"},\"url\":\"https:\/\/calbernadas.com\/en\/blog\/author\/admin\/\"}]}<\/script>\n<!-- \/ Yoast SEO plugin. -->","yoast_head_json":{"title":"KRISTY&MARK. CUANDO EMPIEZA EL D\u00cdA \"B\"? - Cal Bernad\u00e0s","robots":{"index":"index","follow":"follow","max-snippet":"max-snippet:-1","max-image-preview":"max-image-preview:large","max-video-preview":"max-video-preview:-1"},"canonical":"https:\/\/calbernadas.com\/ca\/blog\/kristymark-quan-comenca-dia-b\/","og_locale":"en_US","og_type":"article","og_title":"KRISTY&MARK. CUANDO EMPIEZA EL D\u00cdA \"B\"? - Cal Bernad\u00e0s","og_description":"[vc_row][vc_column][vc_column_text]\u00bfCuando empieza el d\u00eda &#8220;B&#8221;? \u00bfA la entrada del novio en la cerimonia? \u00bfO bien a la entrada de la [&hellip;]","og_url":"https:\/\/calbernadas.com\/ca\/blog\/kristymark-quan-comenca-dia-b\/","og_site_name":"Cal Bernad\u00e0s","article_publisher":"https:\/\/www.facebook.com\/calbernadas","article_published_time":"2014-12-10T14:54:35+00:00","article_modified_time":"2017-12-11T11:52:42+00:00","og_image":[{"width":4202,"height":2546,"url":"https:\/\/calbernadas.com\/wp-content\/uploads\/2017\/06\/05-Wedding-Cal-Bernadas-197a.jpg","type":"image\/jpeg"}],"author":"admin","twitter_card":"summary_large_image","twitter_creator":"@calbernadas","twitter_site":"@calbernadas","twitter_misc":{"Written by":"admin","Est. reading time":"4 minutes"},"schema":{"@context":"https:\/\/schema.org","@graph":[{"@type":"Article","@id":"https:\/\/calbernadas.com\/ca\/blog\/kristymark-quan-comenca-dia-b\/#article","isPartOf":{"@id":"https:\/\/calbernadas.com\/ca\/blog\/kristymark-quan-comenca-dia-b\/"},"author":{"name":"admin","@id":"https:\/\/calbernadas.com\/ca\/#\/schema\/person\/46093f07ff08bb892ace34b313f5c126"},"headline":"KRISTY&#038;MARK. CUANDO EMPIEZA EL D\u00cdA &#8220;B&#8221;?","datePublished":"2014-12-10T14:54:35+00:00","dateModified":"2017-12-11T11:52:42+00:00","mainEntityOfPage":{"@id":"https:\/\/calbernadas.com\/ca\/blog\/kristymark-quan-comenca-dia-b\/"},"wordCount":886,"commentCount":0,"publisher":{"@id":"https:\/\/calbernadas.com\/ca\/#organization"},"articleSection":["Celebrations","Celebrations_El Munt","Celebrations_Wedding Planner"],"inLanguage":"en-US"},{"@type":"WebPage","@id":"https:\/\/calbernadas.com\/ca\/blog\/kristymark-quan-comenca-dia-b\/","url":"https:\/\/calbernadas.com\/ca\/blog\/kristymark-quan-comenca-dia-b\/","name":"KRISTY&MARK. CUANDO EMPIEZA EL D\u00cdA \"B\"? - Cal Bernad\u00e0s","isPartOf":{"@id":"https:\/\/calbernadas.com\/ca\/#website"},"datePublished":"2014-12-10T14:54:35+00:00","dateModified":"2017-12-11T11:52:42+00:00","breadcrumb":{"@id":"https:\/\/calbernadas.com\/ca\/blog\/kristymark-quan-comenca-dia-b\/#breadcrumb"},"inLanguage":"en-US","potentialAction":[{"@type":"ReadAction","target":["https:\/\/calbernadas.com\/ca\/blog\/kristymark-quan-comenca-dia-b\/"]}]},{"@type":"BreadcrumbList","@id":"https:\/\/calbernadas.com\/ca\/blog\/kristymark-quan-comenca-dia-b\/#breadcrumb","itemListElement":[{"@type":"ListItem","position":1,"name":"Portada","item":"https:\/\/calbernadas.com\/en\/"},{"@type":"ListItem","position":2,"name":"KRISTY&#038;MARK. CUANDO EMPIEZA EL D\u00cdA &#8220;B&#8221;?"}]},{"@type":"WebSite","@id":"https:\/\/calbernadas.com\/ca\/#website","url":"https:\/\/calbernadas.com\/ca\/","name":"Cal Bernad\u00e0s","description":"Turisme rural","publisher":{"@id":"https:\/\/calbernadas.com\/ca\/#organization"},"potentialAction":[{"@type":"SearchAction","target":{"@type":"EntryPoint","urlTemplate":"https:\/\/calbernadas.com\/ca\/?s={search_term_string}"},"query-input":"required name=search_term_string"}],"inLanguage":"en-US"},{"@type":"Organization","@id":"https:\/\/calbernadas.com\/ca\/#organization","name":"Cal Bernad\u00e0s","url":"https:\/\/calbernadas.com\/ca\/","logo":{"@type":"ImageObject","inLanguage":"en-US","@id":"https:\/\/calbernadas.com\/ca\/#\/schema\/logo\/image\/","url":"https:\/\/calbernadas.com\/wp-content\/uploads\/2017\/03\/logo_calbernadas2.png","contentUrl":"https:\/\/calbernadas.com\/wp-content\/uploads\/2017\/03\/logo_calbernadas2.png","width":169,"height":156,"caption":"Cal Bernad\u00e0s"},"image":{"@id":"https:\/\/calbernadas.com\/ca\/#\/schema\/logo\/image\/"},"sameAs":["https:\/\/www.facebook.com\/calbernadas","https:\/\/twitter.com\/calbernadas","https:\/\/instagram.com\/calbernadas\/","http:\/\/www.youtube.es\/calbernadas"]},{"@type":"Person","@id":"https:\/\/calbernadas.com\/ca\/#\/schema\/person\/46093f07ff08bb892ace34b313f5c126","name":"admin","image":{"@type":"ImageObject","inLanguage":"en-US","@id":"https:\/\/calbernadas.com\/ca\/#\/schema\/person\/image\/","url":"https:\/\/secure.gravatar.com\/avatar\/aeeb8379a9b592e498740f09863f0d96?s=96&d=mm&r=g","contentUrl":"https:\/\/secure.gravatar.com\/avatar\/aeeb8379a9b592e498740f09863f0d96?s=96&d=mm&r=g","caption":"admin"},"url":"https:\/\/calbernadas.com\/en\/blog\/author\/admin\/"}]}},"_links":{"self":[{"href":"https:\/\/calbernadas.com\/en\/wp-json\/wp\/v2\/posts\/19787"}],"collection":[{"href":"https:\/\/calbernadas.com\/en\/wp-json\/wp\/v2\/posts"}],"about":[{"href":"https:\/\/calbernadas.com\/en\/wp-json\/wp\/v2\/types\/post"}],"author":[{"embeddable":true,"href":"https:\/\/calbernadas.com\/en\/wp-json\/wp\/v2\/users\/1"}],"replies":[{"embeddable":true,"href":"https:\/\/calbernadas.com\/en\/wp-json\/wp\/v2\/comments?post=19787"}],"version-history":[{"count":2,"href":"https:\/\/calbernadas.com\/en\/wp-json\/wp\/v2\/posts\/19787\/revisions"}],"predecessor-version":[{"id":19985,"href":"https:\/\/calbernadas.com\/en\/wp-json\/wp\/v2\/posts\/19787\/revisions\/19985"}],"wp:featuredmedia":[{"embeddable":true,"href":"https:\/\/calbernadas.com\/en\/wp-json\/wp\/v2\/media\/18756"}],"wp:attachment":[{"href":"https:\/\/calbernadas.com\/en\/wp-json\/wp\/v2\/media?parent=19787"}],"wp:term":[{"taxonomy":"category","embeddable":true,"href":"https:\/\/calbernadas.com\/en\/wp-json\/wp\/v2\/categories?post=19787"},{"taxonomy":"post_tag","embeddable":true,"href":"https:\/\/calbernadas.com\/en\/wp-json\/wp\/v2\/tags?post=19787"}],"curies":[{"name":"wp","href":"https:\/\/api.w.org\/{rel}","templated":true}]}}