{"id":19753,"date":"2016-08-23T12:51:46","date_gmt":"2016-08-23T11:51:46","guid":{"rendered":"https:\/\/calbernadas.com\/en\/?p=19753"},"modified":"2017-12-12T15:43:36","modified_gmt":"2017-12-12T14:43:36","slug":"lourdesruben-san-jordi-especial","status":"publish","type":"post","link":"https:\/\/calbernadas.com\/en\/blog\/lourdesruben-san-jordi-especial\/","title":{"rendered":"LOURDES&#038;RUBEN. UN SAN JORDI MUY ESPECIAL"},"content":{"rendered":"<p>[vc_row][vc_column][vc_column_text]Ten\u00edan muy claro la fecha para la boda, y es que la escogieron muy bien. Ten\u00eda que ser el 23 de Abril, el d\u00eda de San Jordi, el d\u00eda de los enamorados en Catalunya. \u00bfY qu\u00e9 mejor d\u00eda que este para declararse un &#8220;s\u00ed, quiero&#8221;?<\/p>\n<p style=\"font-variant-ligatures: normal; font-variant-caps: normal; orphans: 2; text-align: start; widows: 2; -webkit-text-stroke-width: 0px; text-decoration-style: initial; text-decoration-color: initial; word-spacing: 0px;\">Lourdes y Rub\u00e9n decidieron hacer una boda \u00edntima, con su gente m\u00e1s cercana, e hicieron una boda donde no falto ning\u00fan detalle porque todo quedase muy bonito.<\/p>\n<p style=\"font-variant-ligatures: normal; font-variant-caps: normal; orphans: 2; text-align: start; widows: 2; -webkit-text-stroke-width: 0px; text-decoration-style: initial; text-decoration-color: initial; word-spacing: 0px;\">El bosque estaba precioso para la ceremonia, y el aperitivo en el porche quedo espectacular. Para la comida, escogieron las caballerizas, una sala id\u00f3nea para grupos peque\u00f1os, \u00a1y la mesa quedo fant\u00e1stica, tanto por la comida como para la decoraci\u00f3n!<\/p>\n<p style=\"font-variant-ligatures: normal; font-variant-caps: normal; orphans: 2; text-align: start; widows: 2; -webkit-text-stroke-width: 0px; text-decoration-style: initial; text-decoration-color: initial; word-spacing: 0px;\">\u00a1Vaya, que no lo pod\u00edan preparar mejor para vivir un d\u00eda fant\u00e1stico!<\/p>\n<p style=\"font-variant-ligatures: normal; font-variant-caps: normal; orphans: 2; text-align: start; widows: 2; -webkit-text-stroke-width: 0px; text-decoration-style: initial; text-decoration-color: initial; word-spacing: 0px;\">\u00a1Felicidades, pareja!<\/p>\n<p>[\/vc_column_text][\/vc_column][\/vc_row][vc_row][vc_column][vc_gallery type=&#8221;image_grid&#8221; images=&#8221;18903,18898,18921,18884,18892,18919,18902,18897,18914,18909,18886,18895,18879,18905,18896,18888,18916,18922,18901,18918,18894,18893,18885,18878,18910,18913,18876,18887,18890,18904,18889,18920,18907,18882,18880,18915,18881,18877,18883,18891,18899,18900,18875,18906,18908,18911,18912,18917,18923&#8243; img_size=&#8221;full&#8221;][\/vc_column][\/vc_row][vc_row][vc_column][vc_column_text]<\/p>\n<p style=\"text-align: center;\">Espacio: Mas\u00eda <a href=\"https:\/\/calbernadas.com\/en\/celebrations\/el-munt\/\">El Munt<\/a><\/p>\n<p style=\"text-align: center;\">Organitzaci\u00f3n de eventos:\u00a0<a href=\"http:\/\/www.platitosdeazucar.com\">Platitos de Az\u00facar<\/a><\/p>\n<p style=\"text-align: center;\">Fotograf\u00eda:\u00a0<a href=\"http:\/\/www.giselcorbo.com\">Gisel Corbo Photography<\/a><\/p>\n<p style=\"text-align: center;\">Catering:\u00a0<a href=\"http:\/\/www.eltallercatering.com\">El Taller C\u00e0tering<\/a><\/p>\n<p style=\"text-align: center;\">Decoraci\u00f3n:\u00a0<a href=\"http:\/\/www.platitosdeazucar.com\">Platitos de Az\u00facar<\/a><\/p>\n<p>[\/vc_column_text][\/vc_column][\/vc_row][vc_row][vc_column][vc_empty_space height=&#8221;80px&#8221;][\/vc_column][\/vc_row]<\/p>\n","protected":false},"excerpt":{"rendered":"<p>[vc_row][vc_column][vc_column_text]Ten\u00edan muy claro la fecha para la boda, y es que la escogieron muy bien. Ten\u00eda que ser el 23 [&hellip;]<\/p>\n","protected":false},"author":1,"featured_media":18909,"comment_status":"open","ping_status":"open","sticky":false,"template":"","format":"standard","meta":{"footnotes":""},"categories":[165,242],"tags":[],"yoast_head":"<!-- This site is optimized with the Yoast SEO plugin v21.5 - https:\/\/yoast.com\/wordpress\/plugins\/seo\/ -->\n<title>LOURDES&amp;RUBEN. UN SAN JORDI MUY ESPECIAL - Cal Bernad\u00e0s<\/title>\n<meta name=\"robots\" content=\"index, follow, max-snippet:-1, max-image-preview:large, max-video-preview:-1\" \/>\n<link rel=\"canonical\" href=\"https:\/\/calbernadas.com\/en\/blog\/lourdesruben-san-jordi-especial\/\" \/>\n<meta property=\"og:locale\" content=\"en_US\" \/>\n<meta property=\"og:type\" content=\"article\" \/>\n<meta property=\"og:title\" content=\"LOURDES&amp;RUBEN. UN SAN JORDI MUY ESPECIAL - Cal Bernad\u00e0s\" \/>\n<meta property=\"og:description\" content=\"[vc_row][vc_column][vc_column_text]Ten\u00edan muy claro la fecha para la boda, y es que la escogieron muy bien. Ten\u00eda que ser el 23 [&hellip;]\" \/>\n<meta property=\"og:url\" content=\"https:\/\/calbernadas.com\/en\/blog\/lourdesruben-san-jordi-especial\/\" \/>\n<meta property=\"og:site_name\" content=\"Cal Bernad\u00e0s\" \/>\n<meta property=\"article:publisher\" content=\"https:\/\/www.facebook.com\/calbernadas\" \/>\n<meta property=\"article:published_time\" content=\"2016-08-23T11:51:46+00:00\" \/>\n<meta property=\"article:modified_time\" content=\"2017-12-12T14:43:36+00:00\" \/>\n<meta property=\"og:image\" content=\"https:\/\/calbernadas.com\/wp-content\/uploads\/2017\/07\/13245272_1108448139212610_4868513047205745833_n.jpg\" \/>\n\t<meta property=\"og:image:width\" content=\"960\" \/>\n\t<meta property=\"og:image:height\" content=\"640\" \/>\n\t<meta property=\"og:image:type\" content=\"image\/jpeg\" \/>\n<meta name=\"author\" content=\"admin\" \/>\n<meta name=\"twitter:card\" content=\"summary_large_image\" \/>\n<meta name=\"twitter:creator\" content=\"@calbernadas\" \/>\n<meta name=\"twitter:site\" content=\"@calbernadas\" \/>\n<meta name=\"twitter:label1\" content=\"Written by\" \/>\n\t<meta name=\"twitter:data1\" content=\"admin\" \/>\n\t<meta name=\"twitter:label2\" content=\"Est. reading time\" \/>\n\t<meta name=\"twitter:data2\" content=\"1 minute\" \/>\n<script type=\"application\/ld+json\" class=\"yoast-schema-graph\">{\"@context\":\"https:\/\/schema.org\",\"@graph\":[{\"@type\":\"Article\",\"@id\":\"https:\/\/calbernadas.com\/en\/blog\/lourdesruben-san-jordi-especial\/#article\",\"isPartOf\":{\"@id\":\"https:\/\/calbernadas.com\/en\/blog\/lourdesruben-san-jordi-especial\/\"},\"author\":{\"name\":\"admin\",\"@id\":\"https:\/\/calbernadas.com\/ca\/#\/schema\/person\/46093f07ff08bb892ace34b313f5c126\"},\"headline\":\"LOURDES&#038;RUBEN. UN SAN JORDI MUY ESPECIAL\",\"datePublished\":\"2016-08-23T11:51:46+00:00\",\"dateModified\":\"2017-12-12T14:43:36+00:00\",\"mainEntityOfPage\":{\"@id\":\"https:\/\/calbernadas.com\/en\/blog\/lourdesruben-san-jordi-especial\/\"},\"wordCount\":234,\"commentCount\":0,\"publisher\":{\"@id\":\"https:\/\/calbernadas.com\/ca\/#organization\"},\"articleSection\":[\"Celebrations\",\"Celebrations_El Munt\"],\"inLanguage\":\"en-US\"},{\"@type\":\"WebPage\",\"@id\":\"https:\/\/calbernadas.com\/en\/blog\/lourdesruben-san-jordi-especial\/\",\"url\":\"https:\/\/calbernadas.com\/en\/blog\/lourdesruben-san-jordi-especial\/\",\"name\":\"LOURDES&RUBEN. UN SAN JORDI MUY ESPECIAL - Cal Bernad\u00e0s\",\"isPartOf\":{\"@id\":\"https:\/\/calbernadas.com\/ca\/#website\"},\"datePublished\":\"2016-08-23T11:51:46+00:00\",\"dateModified\":\"2017-12-12T14:43:36+00:00\",\"breadcrumb\":{\"@id\":\"https:\/\/calbernadas.com\/en\/blog\/lourdesruben-san-jordi-especial\/#breadcrumb\"},\"inLanguage\":\"en-US\",\"potentialAction\":[{\"@type\":\"ReadAction\",\"target\":[\"https:\/\/calbernadas.com\/en\/blog\/lourdesruben-san-jordi-especial\/\"]}]},{\"@type\":\"BreadcrumbList\",\"@id\":\"https:\/\/calbernadas.com\/en\/blog\/lourdesruben-san-jordi-especial\/#breadcrumb\",\"itemListElement\":[{\"@type\":\"ListItem\",\"position\":1,\"name\":\"Portada\",\"item\":\"https:\/\/calbernadas.com\/en\/\"},{\"@type\":\"ListItem\",\"position\":2,\"name\":\"LOURDES&#038;RUBEN. UN SAN JORDI MUY ESPECIAL\"}]},{\"@type\":\"WebSite\",\"@id\":\"https:\/\/calbernadas.com\/ca\/#website\",\"url\":\"https:\/\/calbernadas.com\/ca\/\",\"name\":\"Cal Bernad\u00e0s\",\"description\":\"Turisme rural\",\"publisher\":{\"@id\":\"https:\/\/calbernadas.com\/ca\/#organization\"},\"potentialAction\":[{\"@type\":\"SearchAction\",\"target\":{\"@type\":\"EntryPoint\",\"urlTemplate\":\"https:\/\/calbernadas.com\/ca\/?s={search_term_string}\"},\"query-input\":\"required name=search_term_string\"}],\"inLanguage\":\"en-US\"},{\"@type\":\"Organization\",\"@id\":\"https:\/\/calbernadas.com\/ca\/#organization\",\"name\":\"Cal Bernad\u00e0s\",\"url\":\"https:\/\/calbernadas.com\/ca\/\",\"logo\":{\"@type\":\"ImageObject\",\"inLanguage\":\"en-US\",\"@id\":\"https:\/\/calbernadas.com\/ca\/#\/schema\/logo\/image\/\",\"url\":\"https:\/\/calbernadas.com\/wp-content\/uploads\/2017\/03\/logo_calbernadas2.png\",\"contentUrl\":\"https:\/\/calbernadas.com\/wp-content\/uploads\/2017\/03\/logo_calbernadas2.png\",\"width\":169,\"height\":156,\"caption\":\"Cal Bernad\u00e0s\"},\"image\":{\"@id\":\"https:\/\/calbernadas.com\/ca\/#\/schema\/logo\/image\/\"},\"sameAs\":[\"https:\/\/www.facebook.com\/calbernadas\",\"https:\/\/twitter.com\/calbernadas\",\"https:\/\/instagram.com\/calbernadas\/\",\"http:\/\/www.youtube.es\/calbernadas\"]},{\"@type\":\"Person\",\"@id\":\"https:\/\/calbernadas.com\/ca\/#\/schema\/person\/46093f07ff08bb892ace34b313f5c126\",\"name\":\"admin\",\"image\":{\"@type\":\"ImageObject\",\"inLanguage\":\"en-US\",\"@id\":\"https:\/\/calbernadas.com\/ca\/#\/schema\/person\/image\/\",\"url\":\"https:\/\/secure.gravatar.com\/avatar\/aeeb8379a9b592e498740f09863f0d96?s=96&d=mm&r=g\",\"contentUrl\":\"https:\/\/secure.gravatar.com\/avatar\/aeeb8379a9b592e498740f09863f0d96?s=96&d=mm&r=g\",\"caption\":\"admin\"},\"url\":\"https:\/\/calbernadas.com\/en\/blog\/author\/admin\/\"}]}<\/script>\n<!-- \/ Yoast SEO plugin. -->","yoast_head_json":{"title":"LOURDES&RUBEN. UN SAN JORDI MUY ESPECIAL - Cal Bernad\u00e0s","robots":{"index":"index","follow":"follow","max-snippet":"max-snippet:-1","max-image-preview":"max-image-preview:large","max-video-preview":"max-video-preview:-1"},"canonical":"https:\/\/calbernadas.com\/en\/blog\/lourdesruben-san-jordi-especial\/","og_locale":"en_US","og_type":"article","og_title":"LOURDES&RUBEN. UN SAN JORDI MUY ESPECIAL - Cal Bernad\u00e0s","og_description":"[vc_row][vc_column][vc_column_text]Ten\u00edan muy claro la fecha para la boda, y es que la escogieron muy bien. Ten\u00eda que ser el 23 [&hellip;]","og_url":"https:\/\/calbernadas.com\/en\/blog\/lourdesruben-san-jordi-especial\/","og_site_name":"Cal Bernad\u00e0s","article_publisher":"https:\/\/www.facebook.com\/calbernadas","article_published_time":"2016-08-23T11:51:46+00:00","article_modified_time":"2017-12-12T14:43:36+00:00","og_image":[{"width":960,"height":640,"url":"https:\/\/calbernadas.com\/wp-content\/uploads\/2017\/07\/13245272_1108448139212610_4868513047205745833_n.jpg","type":"image\/jpeg"}],"author":"admin","twitter_card":"summary_large_image","twitter_creator":"@calbernadas","twitter_site":"@calbernadas","twitter_misc":{"Written by":"admin","Est. reading time":"1 minute"},"schema":{"@context":"https:\/\/schema.org","@graph":[{"@type":"Article","@id":"https:\/\/calbernadas.com\/en\/blog\/lourdesruben-san-jordi-especial\/#article","isPartOf":{"@id":"https:\/\/calbernadas.com\/en\/blog\/lourdesruben-san-jordi-especial\/"},"author":{"name":"admin","@id":"https:\/\/calbernadas.com\/ca\/#\/schema\/person\/46093f07ff08bb892ace34b313f5c126"},"headline":"LOURDES&#038;RUBEN. UN SAN JORDI MUY ESPECIAL","datePublished":"2016-08-23T11:51:46+00:00","dateModified":"2017-12-12T14:43:36+00:00","mainEntityOfPage":{"@id":"https:\/\/calbernadas.com\/en\/blog\/lourdesruben-san-jordi-especial\/"},"wordCount":234,"commentCount":0,"publisher":{"@id":"https:\/\/calbernadas.com\/ca\/#organization"},"articleSection":["Celebrations","Celebrations_El Munt"],"inLanguage":"en-US"},{"@type":"WebPage","@id":"https:\/\/calbernadas.com\/en\/blog\/lourdesruben-san-jordi-especial\/","url":"https:\/\/calbernadas.com\/en\/blog\/lourdesruben-san-jordi-especial\/","name":"LOURDES&RUBEN. UN SAN JORDI MUY ESPECIAL - Cal Bernad\u00e0s","isPartOf":{"@id":"https:\/\/calbernadas.com\/ca\/#website"},"datePublished":"2016-08-23T11:51:46+00:00","dateModified":"2017-12-12T14:43:36+00:00","breadcrumb":{"@id":"https:\/\/calbernadas.com\/en\/blog\/lourdesruben-san-jordi-especial\/#breadcrumb"},"inLanguage":"en-US","potentialAction":[{"@type":"ReadAction","target":["https:\/\/calbernadas.com\/en\/blog\/lourdesruben-san-jordi-especial\/"]}]},{"@type":"BreadcrumbList","@id":"https:\/\/calbernadas.com\/en\/blog\/lourdesruben-san-jordi-especial\/#breadcrumb","itemListElement":[{"@type":"ListItem","position":1,"name":"Portada","item":"https:\/\/calbernadas.com\/en\/"},{"@type":"ListItem","position":2,"name":"LOURDES&#038;RUBEN. UN SAN JORDI MUY ESPECIAL"}]},{"@type":"WebSite","@id":"https:\/\/calbernadas.com\/ca\/#website","url":"https:\/\/calbernadas.com\/ca\/","name":"Cal Bernad\u00e0s","description":"Turisme rural","publisher":{"@id":"https:\/\/calbernadas.com\/ca\/#organization"},"potentialAction":[{"@type":"SearchAction","target":{"@type":"EntryPoint","urlTemplate":"https:\/\/calbernadas.com\/ca\/?s={search_term_string}"},"query-input":"required name=search_term_string"}],"inLanguage":"en-US"},{"@type":"Organization","@id":"https:\/\/calbernadas.com\/ca\/#organization","name":"Cal Bernad\u00e0s","url":"https:\/\/calbernadas.com\/ca\/","logo":{"@type":"ImageObject","inLanguage":"en-US","@id":"https:\/\/calbernadas.com\/ca\/#\/schema\/logo\/image\/","url":"https:\/\/calbernadas.com\/wp-content\/uploads\/2017\/03\/logo_calbernadas2.png","contentUrl":"https:\/\/calbernadas.com\/wp-content\/uploads\/2017\/03\/logo_calbernadas2.png","width":169,"height":156,"caption":"Cal Bernad\u00e0s"},"image":{"@id":"https:\/\/calbernadas.com\/ca\/#\/schema\/logo\/image\/"},"sameAs":["https:\/\/www.facebook.com\/calbernadas","https:\/\/twitter.com\/calbernadas","https:\/\/instagram.com\/calbernadas\/","http:\/\/www.youtube.es\/calbernadas"]},{"@type":"Person","@id":"https:\/\/calbernadas.com\/ca\/#\/schema\/person\/46093f07ff08bb892ace34b313f5c126","name":"admin","image":{"@type":"ImageObject","inLanguage":"en-US","@id":"https:\/\/calbernadas.com\/ca\/#\/schema\/person\/image\/","url":"https:\/\/secure.gravatar.com\/avatar\/aeeb8379a9b592e498740f09863f0d96?s=96&d=mm&r=g","contentUrl":"https:\/\/secure.gravatar.com\/avatar\/aeeb8379a9b592e498740f09863f0d96?s=96&d=mm&r=g","caption":"admin"},"url":"https:\/\/calbernadas.com\/en\/blog\/author\/admin\/"}]}},"_links":{"self":[{"href":"https:\/\/calbernadas.com\/en\/wp-json\/wp\/v2\/posts\/19753"}],"collection":[{"href":"https:\/\/calbernadas.com\/en\/wp-json\/wp\/v2\/posts"}],"about":[{"href":"https:\/\/calbernadas.com\/en\/wp-json\/wp\/v2\/types\/post"}],"author":[{"embeddable":true,"href":"https:\/\/calbernadas.com\/en\/wp-json\/wp\/v2\/users\/1"}],"replies":[{"embeddable":true,"href":"https:\/\/calbernadas.com\/en\/wp-json\/wp\/v2\/comments?post=19753"}],"version-history":[{"count":3,"href":"https:\/\/calbernadas.com\/en\/wp-json\/wp\/v2\/posts\/19753\/revisions"}],"predecessor-version":[{"id":19973,"href":"https:\/\/calbernadas.com\/en\/wp-json\/wp\/v2\/posts\/19753\/revisions\/19973"}],"wp:featuredmedia":[{"embeddable":true,"href":"https:\/\/calbernadas.com\/en\/wp-json\/wp\/v2\/media\/18909"}],"wp:attachment":[{"href":"https:\/\/calbernadas.com\/en\/wp-json\/wp\/v2\/media?parent=19753"}],"wp:term":[{"taxonomy":"category","embeddable":true,"href":"https:\/\/calbernadas.com\/en\/wp-json\/wp\/v2\/categories?post=19753"},{"taxonomy":"post_tag","embeddable":true,"href":"https:\/\/calbernadas.com\/en\/wp-json\/wp\/v2\/tags?post=19753"}],"curies":[{"name":"wp","href":"https:\/\/api.w.org\/{rel}","templated":true}]}}