{"id":20438,"date":"2018-03-19T17:54:47","date_gmt":"2018-03-19T16:54:47","guid":{"rendered":"https:\/\/calbernadas.com\/ca\/?p=20438"},"modified":"2018-03-19T18:04:02","modified_gmt":"2018-03-19T17:04:02","slug":"fent-el-micu","status":"publish","type":"post","link":"https:\/\/calbernadas.com\/ca\/blog\/fent-el-micu\/","title":{"rendered":"FENT EL MICU!"},"content":{"rendered":"<p>[vc_row][vc_column][vc_single_image image=&#8221;20491&#8243; img_size=&#8221;large&#8221;][\/vc_column][\/vc_row][vc_row][vc_column][vc_column_text]Anar de turisme rural vol dir moltes coses. Vol dir llevar-se fins que s\u2019acaba la son, obrir la finestra i respirar natura, passejar per entremig dels camps i els boscos que envolten la casa, vol dir entaular-se i fer grans sobretaules, empassar-se un bon llibre al costat de la llar de foc, &#8230; per\u00f2 tamb\u00e9 vol dir compartir amb la fam\u00edlia, riure, saltar i jugar com nens!<\/p>\n<p>Buscar caramels a dins la farina amb la boca, fer el mico, jugar al mocador, enredar-te amb tota la fam\u00edlia i intentar desenredar-te, fer ganyotes amb una galeta a la cara perqu\u00e8 caigui, &#8230;. aix\u00f2 \u00e9s el que van fer la fam\u00edlia que es van allotjar a la Barraca fa dues setmanes, i s\u2019ho van passar pipa!<\/p>\n<p>Aquesta \u00e9s una proposta que us oferim a tots els que teniu ganes de passar un moment divertit, esbojarrat, enjogassat! Un moment on els grans us torneu una mica petits per jugar amb els vostres petits, i tots junts viviu un moment \u00fanic que encara fa la vostra estada m\u00e9s especial.<\/p>\n<p>A la nostra p\u00e0gina web hi trobareu un gran ventall d\u2019activitats perqu\u00e8 pugueu escollir la que m\u00e9s us agradi i convertir-vos en micos per una estona! \ud83d\ude09<\/p>\n<p>Les podeu trobar <a href=\"https:\/\/calbernadas.com\/ca\/ruralpacks\/ruralkids\/\">aqu\u00ed<\/a>.<\/p>\n<p>**Activitats organitzades i realitzades per <a href=\"http:\/\/www.xalem.cat\/inici\">Xalem<\/a>[\/vc_column_text][\/vc_column][\/vc_row][vc_row][vc_column][vc_gallery type=&#8221;image_grid&#8221; images=&#8221;20475,20442,20440,20441,20444,20474,20443&#8243; img_size=&#8221;large&#8221;][\/vc_column][\/vc_row][vc_row][vc_column][vc_column_text]I pels que no us acabeu de conv\u00e8ncer que riureu pels descosits, aqu\u00ed teniu un v\u00eddeo d&#8217;uns goril\u00b7les molt i molt &#8220;enfadats&#8221;![\/vc_column_text][vc_video link=&#8221;https:\/\/youtu.be\/CltMNqYnscc&#8221;][\/vc_column][\/vc_row]<\/p>\n","protected":false},"excerpt":{"rendered":"<p>[vc_row][vc_column][vc_single_image image=&#8221;20491&#8243; img_size=&#8221;large&#8221;][\/vc_column][\/vc_row][vc_row][vc_column][vc_column_text]Anar de turisme rural vol dir moltes coses. Vol dir llevar-se fins que s\u2019acaba la son, obrir la [&hellip;]<\/p>\n","protected":false},"author":1,"featured_media":20491,"comment_status":"open","ping_status":"open","sticky":false,"template":"","format":"standard","meta":{"footnotes":""},"categories":[80,212,81,204,208,210,283],"tags":[290,289,287,288,286,284,285],"yoast_head":"<!-- This site is optimized with the Yoast SEO plugin v21.5 - https:\/\/yoast.com\/wordpress\/plugins\/seo\/ -->\n<title>FENT EL MICU! - Cal Bernad\u00e0s<\/title>\n<meta name=\"robots\" content=\"index, follow, max-snippet:-1, max-image-preview:large, max-video-preview:-1\" \/>\n<link rel=\"canonical\" href=\"https:\/\/calbernadas.com\/ca\/blog\/fent-el-micu\/\" \/>\n<meta property=\"og:locale\" content=\"ca_ES\" \/>\n<meta property=\"og:type\" content=\"article\" \/>\n<meta property=\"og:title\" content=\"FENT EL MICU! - Cal Bernad\u00e0s\" \/>\n<meta property=\"og:description\" content=\"[vc_row][vc_column][vc_single_image image=&#8221;20491&#8243; img_size=&#8221;large&#8221;][\/vc_column][\/vc_row][vc_row][vc_column][vc_column_text]Anar de turisme rural vol dir moltes coses. Vol dir llevar-se fins que s\u2019acaba la son, obrir la [&hellip;]\" \/>\n<meta property=\"og:url\" content=\"https:\/\/calbernadas.com\/ca\/blog\/fent-el-micu\/\" \/>\n<meta property=\"og:site_name\" content=\"Cal Bernad\u00e0s\" \/>\n<meta property=\"article:publisher\" content=\"https:\/\/www.facebook.com\/calbernadas\" \/>\n<meta property=\"article:published_time\" content=\"2018-03-19T16:54:47+00:00\" \/>\n<meta property=\"article:modified_time\" content=\"2018-03-19T17:04:02+00:00\" \/>\n<meta property=\"og:image\" content=\"https:\/\/calbernadas.com\/wp-content\/uploads\/2018\/03\/Gimcana10.jpg\" \/>\n\t<meta property=\"og:image:width\" content=\"1200\" \/>\n\t<meta property=\"og:image:height\" content=\"708\" \/>\n\t<meta property=\"og:image:type\" content=\"image\/jpeg\" \/>\n<meta name=\"author\" content=\"admin\" \/>\n<meta name=\"twitter:card\" content=\"summary_large_image\" \/>\n<meta name=\"twitter:creator\" content=\"@calbernadas\" \/>\n<meta name=\"twitter:site\" content=\"@calbernadas\" \/>\n<meta name=\"twitter:label1\" content=\"Escrit per\" \/>\n\t<meta name=\"twitter:data1\" content=\"admin\" \/>\n\t<meta name=\"twitter:label2\" content=\"Temps estimat de lectura\" \/>\n\t<meta name=\"twitter:data2\" content=\"2 minuts\" \/>\n<script type=\"application\/ld+json\" class=\"yoast-schema-graph\">{\"@context\":\"https:\/\/schema.org\",\"@graph\":[{\"@type\":\"Article\",\"@id\":\"https:\/\/calbernadas.com\/ca\/blog\/fent-el-micu\/#article\",\"isPartOf\":{\"@id\":\"https:\/\/calbernadas.com\/ca\/blog\/fent-el-micu\/\"},\"author\":{\"name\":\"admin\",\"@id\":\"https:\/\/calbernadas.com\/ca\/#\/schema\/person\/46093f07ff08bb892ace34b313f5c126\"},\"headline\":\"FENT EL MICU!\",\"datePublished\":\"2018-03-19T16:54:47+00:00\",\"dateModified\":\"2018-03-19T17:04:02+00:00\",\"mainEntityOfPage\":{\"@id\":\"https:\/\/calbernadas.com\/ca\/blog\/fent-el-micu\/\"},\"wordCount\":313,\"commentCount\":0,\"publisher\":{\"@id\":\"https:\/\/calbernadas.com\/ca\/#organization\"},\"keywords\":[\"activitatsenfam\u00edlia\",\"jocspernens\",\"jugantcomnens\",\"kids\",\"ruralkids\",\"turismerural\",\"turismorural\"],\"articleSection\":[\"Rural packs\",\"Rural&amp;Kids\",\"Turisme rural\",\"Turisme rural_la Barraca\",\"Turisme rural_La Cabana\",\"Turisme rural_Vilanova\",\"turismerural\"],\"inLanguage\":\"ca\"},{\"@type\":\"WebPage\",\"@id\":\"https:\/\/calbernadas.com\/ca\/blog\/fent-el-micu\/\",\"url\":\"https:\/\/calbernadas.com\/ca\/blog\/fent-el-micu\/\",\"name\":\"FENT EL MICU! - Cal Bernad\u00e0s\",\"isPartOf\":{\"@id\":\"https:\/\/calbernadas.com\/ca\/#website\"},\"datePublished\":\"2018-03-19T16:54:47+00:00\",\"dateModified\":\"2018-03-19T17:04:02+00:00\",\"breadcrumb\":{\"@id\":\"https:\/\/calbernadas.com\/ca\/blog\/fent-el-micu\/#breadcrumb\"},\"inLanguage\":\"ca\",\"potentialAction\":[{\"@type\":\"ReadAction\",\"target\":[\"https:\/\/calbernadas.com\/ca\/blog\/fent-el-micu\/\"]}]},{\"@type\":\"BreadcrumbList\",\"@id\":\"https:\/\/calbernadas.com\/ca\/blog\/fent-el-micu\/#breadcrumb\",\"itemListElement\":[{\"@type\":\"ListItem\",\"position\":1,\"name\":\"Portada\",\"item\":\"https:\/\/calbernadas.com\/ca\/\"},{\"@type\":\"ListItem\",\"position\":2,\"name\":\"FENT EL MICU!\"}]},{\"@type\":\"WebSite\",\"@id\":\"https:\/\/calbernadas.com\/ca\/#website\",\"url\":\"https:\/\/calbernadas.com\/ca\/\",\"name\":\"Cal Bernad\u00e0s\",\"description\":\"Turisme rural\",\"publisher\":{\"@id\":\"https:\/\/calbernadas.com\/ca\/#organization\"},\"potentialAction\":[{\"@type\":\"SearchAction\",\"target\":{\"@type\":\"EntryPoint\",\"urlTemplate\":\"https:\/\/calbernadas.com\/ca\/?s={search_term_string}\"},\"query-input\":\"required name=search_term_string\"}],\"inLanguage\":\"ca\"},{\"@type\":\"Organization\",\"@id\":\"https:\/\/calbernadas.com\/ca\/#organization\",\"name\":\"Cal Bernad\u00e0s\",\"url\":\"https:\/\/calbernadas.com\/ca\/\",\"logo\":{\"@type\":\"ImageObject\",\"inLanguage\":\"ca\",\"@id\":\"https:\/\/calbernadas.com\/ca\/#\/schema\/logo\/image\/\",\"url\":\"https:\/\/calbernadas.com\/wp-content\/uploads\/2017\/03\/logo_calbernadas2.png\",\"contentUrl\":\"https:\/\/calbernadas.com\/wp-content\/uploads\/2017\/03\/logo_calbernadas2.png\",\"width\":169,\"height\":156,\"caption\":\"Cal Bernad\u00e0s\"},\"image\":{\"@id\":\"https:\/\/calbernadas.com\/ca\/#\/schema\/logo\/image\/\"},\"sameAs\":[\"https:\/\/www.facebook.com\/calbernadas\",\"https:\/\/twitter.com\/calbernadas\",\"https:\/\/instagram.com\/calbernadas\/\",\"http:\/\/www.youtube.es\/calbernadas\"]},{\"@type\":\"Person\",\"@id\":\"https:\/\/calbernadas.com\/ca\/#\/schema\/person\/46093f07ff08bb892ace34b313f5c126\",\"name\":\"admin\",\"image\":{\"@type\":\"ImageObject\",\"inLanguage\":\"ca\",\"@id\":\"https:\/\/calbernadas.com\/ca\/#\/schema\/person\/image\/\",\"url\":\"https:\/\/secure.gravatar.com\/avatar\/aeeb8379a9b592e498740f09863f0d96?s=96&d=mm&r=g\",\"contentUrl\":\"https:\/\/secure.gravatar.com\/avatar\/aeeb8379a9b592e498740f09863f0d96?s=96&d=mm&r=g\",\"caption\":\"admin\"},\"url\":\"https:\/\/calbernadas.com\/ca\/blog\/author\/admin\/\"}]}<\/script>\n<!-- \/ Yoast SEO plugin. -->","yoast_head_json":{"title":"FENT EL MICU! - Cal Bernad\u00e0s","robots":{"index":"index","follow":"follow","max-snippet":"max-snippet:-1","max-image-preview":"max-image-preview:large","max-video-preview":"max-video-preview:-1"},"canonical":"https:\/\/calbernadas.com\/ca\/blog\/fent-el-micu\/","og_locale":"ca_ES","og_type":"article","og_title":"FENT EL MICU! - Cal Bernad\u00e0s","og_description":"[vc_row][vc_column][vc_single_image image=&#8221;20491&#8243; img_size=&#8221;large&#8221;][\/vc_column][\/vc_row][vc_row][vc_column][vc_column_text]Anar de turisme rural vol dir moltes coses. Vol dir llevar-se fins que s\u2019acaba la son, obrir la [&hellip;]","og_url":"https:\/\/calbernadas.com\/ca\/blog\/fent-el-micu\/","og_site_name":"Cal Bernad\u00e0s","article_publisher":"https:\/\/www.facebook.com\/calbernadas","article_published_time":"2018-03-19T16:54:47+00:00","article_modified_time":"2018-03-19T17:04:02+00:00","og_image":[{"width":1200,"height":708,"url":"https:\/\/calbernadas.com\/wp-content\/uploads\/2018\/03\/Gimcana10.jpg","type":"image\/jpeg"}],"author":"admin","twitter_card":"summary_large_image","twitter_creator":"@calbernadas","twitter_site":"@calbernadas","twitter_misc":{"Escrit per":"admin","Temps estimat de lectura":"2 minuts"},"schema":{"@context":"https:\/\/schema.org","@graph":[{"@type":"Article","@id":"https:\/\/calbernadas.com\/ca\/blog\/fent-el-micu\/#article","isPartOf":{"@id":"https:\/\/calbernadas.com\/ca\/blog\/fent-el-micu\/"},"author":{"name":"admin","@id":"https:\/\/calbernadas.com\/ca\/#\/schema\/person\/46093f07ff08bb892ace34b313f5c126"},"headline":"FENT EL MICU!","datePublished":"2018-03-19T16:54:47+00:00","dateModified":"2018-03-19T17:04:02+00:00","mainEntityOfPage":{"@id":"https:\/\/calbernadas.com\/ca\/blog\/fent-el-micu\/"},"wordCount":313,"commentCount":0,"publisher":{"@id":"https:\/\/calbernadas.com\/ca\/#organization"},"keywords":["activitatsenfam\u00edlia","jocspernens","jugantcomnens","kids","ruralkids","turismerural","turismorural"],"articleSection":["Rural packs","Rural&amp;Kids","Turisme rural","Turisme rural_la Barraca","Turisme rural_La Cabana","Turisme rural_Vilanova","turismerural"],"inLanguage":"ca"},{"@type":"WebPage","@id":"https:\/\/calbernadas.com\/ca\/blog\/fent-el-micu\/","url":"https:\/\/calbernadas.com\/ca\/blog\/fent-el-micu\/","name":"FENT EL MICU! - Cal Bernad\u00e0s","isPartOf":{"@id":"https:\/\/calbernadas.com\/ca\/#website"},"datePublished":"2018-03-19T16:54:47+00:00","dateModified":"2018-03-19T17:04:02+00:00","breadcrumb":{"@id":"https:\/\/calbernadas.com\/ca\/blog\/fent-el-micu\/#breadcrumb"},"inLanguage":"ca","potentialAction":[{"@type":"ReadAction","target":["https:\/\/calbernadas.com\/ca\/blog\/fent-el-micu\/"]}]},{"@type":"BreadcrumbList","@id":"https:\/\/calbernadas.com\/ca\/blog\/fent-el-micu\/#breadcrumb","itemListElement":[{"@type":"ListItem","position":1,"name":"Portada","item":"https:\/\/calbernadas.com\/ca\/"},{"@type":"ListItem","position":2,"name":"FENT EL MICU!"}]},{"@type":"WebSite","@id":"https:\/\/calbernadas.com\/ca\/#website","url":"https:\/\/calbernadas.com\/ca\/","name":"Cal Bernad\u00e0s","description":"Turisme rural","publisher":{"@id":"https:\/\/calbernadas.com\/ca\/#organization"},"potentialAction":[{"@type":"SearchAction","target":{"@type":"EntryPoint","urlTemplate":"https:\/\/calbernadas.com\/ca\/?s={search_term_string}"},"query-input":"required name=search_term_string"}],"inLanguage":"ca"},{"@type":"Organization","@id":"https:\/\/calbernadas.com\/ca\/#organization","name":"Cal Bernad\u00e0s","url":"https:\/\/calbernadas.com\/ca\/","logo":{"@type":"ImageObject","inLanguage":"ca","@id":"https:\/\/calbernadas.com\/ca\/#\/schema\/logo\/image\/","url":"https:\/\/calbernadas.com\/wp-content\/uploads\/2017\/03\/logo_calbernadas2.png","contentUrl":"https:\/\/calbernadas.com\/wp-content\/uploads\/2017\/03\/logo_calbernadas2.png","width":169,"height":156,"caption":"Cal Bernad\u00e0s"},"image":{"@id":"https:\/\/calbernadas.com\/ca\/#\/schema\/logo\/image\/"},"sameAs":["https:\/\/www.facebook.com\/calbernadas","https:\/\/twitter.com\/calbernadas","https:\/\/instagram.com\/calbernadas\/","http:\/\/www.youtube.es\/calbernadas"]},{"@type":"Person","@id":"https:\/\/calbernadas.com\/ca\/#\/schema\/person\/46093f07ff08bb892ace34b313f5c126","name":"admin","image":{"@type":"ImageObject","inLanguage":"ca","@id":"https:\/\/calbernadas.com\/ca\/#\/schema\/person\/image\/","url":"https:\/\/secure.gravatar.com\/avatar\/aeeb8379a9b592e498740f09863f0d96?s=96&d=mm&r=g","contentUrl":"https:\/\/secure.gravatar.com\/avatar\/aeeb8379a9b592e498740f09863f0d96?s=96&d=mm&r=g","caption":"admin"},"url":"https:\/\/calbernadas.com\/ca\/blog\/author\/admin\/"}]}},"_links":{"self":[{"href":"https:\/\/calbernadas.com\/ca\/wp-json\/wp\/v2\/posts\/20438"}],"collection":[{"href":"https:\/\/calbernadas.com\/ca\/wp-json\/wp\/v2\/posts"}],"about":[{"href":"https:\/\/calbernadas.com\/ca\/wp-json\/wp\/v2\/types\/post"}],"author":[{"embeddable":true,"href":"https:\/\/calbernadas.com\/ca\/wp-json\/wp\/v2\/users\/1"}],"replies":[{"embeddable":true,"href":"https:\/\/calbernadas.com\/ca\/wp-json\/wp\/v2\/comments?post=20438"}],"version-history":[{"count":42,"href":"https:\/\/calbernadas.com\/ca\/wp-json\/wp\/v2\/posts\/20438\/revisions"}],"predecessor-version":[{"id":20493,"href":"https:\/\/calbernadas.com\/ca\/wp-json\/wp\/v2\/posts\/20438\/revisions\/20493"}],"wp:featuredmedia":[{"embeddable":true,"href":"https:\/\/calbernadas.com\/ca\/wp-json\/wp\/v2\/media\/20491"}],"wp:attachment":[{"href":"https:\/\/calbernadas.com\/ca\/wp-json\/wp\/v2\/media?parent=20438"}],"wp:term":[{"taxonomy":"category","embeddable":true,"href":"https:\/\/calbernadas.com\/ca\/wp-json\/wp\/v2\/categories?post=20438"},{"taxonomy":"post_tag","embeddable":true,"href":"https:\/\/calbernadas.com\/ca\/wp-json\/wp\/v2\/tags?post=20438"}],"curies":[{"name":"wp","href":"https:\/\/api.w.org\/{rel}","templated":true}]}}