{"id":19244,"date":"2017-11-06T17:08:47","date_gmt":"2017-11-06T16:08:47","guid":{"rendered":"https:\/\/calbernadas.com\/ca\/?p=19244"},"modified":"2017-11-17T17:30:18","modified_gmt":"2017-11-17T16:30:18","slug":"menu-gourmet-menu-bergueda","status":"publish","type":"post","link":"https:\/\/calbernadas.com\/ca\/blog\/menu-gourmet-menu-bergueda\/","title":{"rendered":"UNA NIT ROM\u00c0NTICA AMB GASTRONOMIA GOURMET O DEL BERGUED\u00c0"},"content":{"rendered":"<p>[vc_row][vc_column][vc_single_image image=&#8221;19248&#8243; img_size=&#8221;full&#8221;][\/vc_column][\/vc_row][vc_row][vc_column][vc_column_text]Una trobada d&#8217;amics, Nadal, una reuni\u00f3 important, la Castanyada, la festa major, un aniversari &#8230; la majoria de grans moments es d\u00f3nen al voltant d&#8217;una taula per riure, compartir, explicar hist\u00f2ries, fer llargues xerrades, tenir grans converses, \u00a0&#8230; i el Porxo de la Barraca no podia ser menys!<\/p>\n<p>Despr\u00e9s d&#8217;arribar al Porxo de la Barraca i comprovar que esteu perduts enmig de la natura, el silenci i sota un cel ple d&#8217;estrelles, i despr\u00e9s d&#8217;entrar a dins el Porxo de la Barraca i con\u00e8ixer l&#8217;escenari de la vostra experi\u00e8ncia rom\u00e0ntica, ja us podreu assentar a taula per degustar el sopar que ja estar\u00e0 a punt per a vosaltres.<\/p>\n<p>&nbsp;<\/p>\n<p>Podreu escollir entre dues propostes gastron\u00f2miques: <strong>el Men\u00fa Bergued\u00e0\u00a0i el Men\u00fa Gourmet.<\/strong><\/p>\n<p>&nbsp;<\/p>\n<p>El <strong>Men\u00fa Bergued\u00e0<\/strong> \u00e9s ideal per aquells que us voleu endinsar en la gastronomia t\u00edpica del nostre territori.<\/p>\n<p>D&#8217;entrant, un variat d&#8217;enciams; de primer una escalivada; i de segon es podreu escollir entre dos plats molt t\u00edpics de la zona:\u00a0p\u00e8sols negres amb cansalada o b\u00e9 patates emmascarades amb mel\u00f3s de vedella.<\/p>\n<p>&nbsp;<\/p>\n<p>Pels que sou m\u00e9s <em>delicatessen<\/em>, llavors recomanem el <strong>Men\u00fa Gourmet<\/strong>.<\/p>\n<p>Per comen\u00e7ar, 6 aperitius amb sabors i textures diferents que no us deixar\u00e0 indiferents; un primer a escollir entre timbal d\u2019escalivada amb formatge de cabra o canel\u00f3 d\u2019\u00e0nec amb taronja i ratafia; de segon, cuixa de xai amb vainilla i moniato o b\u00e9 llu\u00e7 amb tubercles i ceba tendra.<\/p>\n<p>&nbsp;<\/p>\n<p>I per acabar el sopar, tant en el Men\u00fa Gourmet com en el Men\u00fa Bergued\u00e0, podreu escollir entre tres postres: fruita del temps, maced\u00f2nia i sacher.<\/p>\n<p>Per quina opci\u00f3 us decanteu?[\/vc_column_text][\/vc_column][\/vc_row][vc_row][vc_column][vc_gallery interval=&#8221;3&#8243; images=&#8221;19246,19251,19250,19249,19256,19254,19255,19258,19259&#8243; img_size=&#8221;full&#8221;][\/vc_column][\/vc_row][vc_row][vc_column][vc_column_text]I quan us desperteu al mat\u00ed,\u00a0un bon esmorzar per comen\u00e7ar un bon dia: pa de p\u00e0g\u00e8s amb tom\u00e0quet, taula d&#8217;embotits i formatges del Bergued\u00e0, muffins i coca de forner, fruita del temps, iogurt del Bergued\u00e0, suc de taronja, caf\u00e8s i infusions.<\/p>\n<p>&nbsp;<\/p>\n<p>[\/vc_column_text][\/vc_column][\/vc_row][vc_row][vc_column][vc_gallery interval=&#8221;3&#8243; images=&#8221;19264,19263,19265&#8243; img_size=&#8221;full&#8221;][\/vc_column][\/vc_row][vc_row][vc_column][vc_column_text]Sigues un dels nostres #DailyRomantic i gaudeix de les propostes gastron\u00f2miques que t&#8217;oferim![\/vc_column_text][\/vc_column][\/vc_row]<\/p>\n","protected":false},"excerpt":{"rendered":"<p>[vc_row][vc_column][vc_single_image image=&#8221;19248&#8243; img_size=&#8221;full&#8221;][\/vc_column][\/vc_row][vc_row][vc_column][vc_column_text]Una trobada d&#8217;amics, Nadal, una reuni\u00f3 important, la Castanyada, la festa major, un aniversari &#8230; la majoria de [&hellip;]<\/p>\n","protected":false},"author":1,"featured_media":19248,"comment_status":"open","ping_status":"open","sticky":false,"template":"","format":"standard","meta":{"footnotes":""},"categories":[80,211],"tags":[],"yoast_head":"<!-- This site is optimized with the Yoast SEO plugin v21.5 - https:\/\/yoast.com\/wordpress\/plugins\/seo\/ -->\n<title>UNA NIT ROM\u00c0NTICA AMB GASTRONOMIA GOURMET O DEL BERGUED\u00c0 - Cal Bernad\u00e0s<\/title>\n<meta name=\"robots\" content=\"index, follow, max-snippet:-1, max-image-preview:large, max-video-preview:-1\" \/>\n<link rel=\"canonical\" href=\"https:\/\/calbernadas.com\/ca\/blog\/menu-gourmet-menu-bergueda\/\" \/>\n<meta property=\"og:locale\" content=\"ca_ES\" \/>\n<meta property=\"og:type\" content=\"article\" \/>\n<meta property=\"og:title\" content=\"UNA NIT ROM\u00c0NTICA AMB GASTRONOMIA GOURMET O DEL BERGUED\u00c0 - Cal Bernad\u00e0s\" \/>\n<meta property=\"og:description\" content=\"[vc_row][vc_column][vc_single_image image=&#8221;19248&#8243; img_size=&#8221;full&#8221;][\/vc_column][\/vc_row][vc_row][vc_column][vc_column_text]Una trobada d&#8217;amics, Nadal, una reuni\u00f3 important, la Castanyada, la festa major, un aniversari &#8230; la majoria de [&hellip;]\" \/>\n<meta property=\"og:url\" content=\"https:\/\/calbernadas.com\/ca\/blog\/menu-gourmet-menu-bergueda\/\" \/>\n<meta property=\"og:site_name\" content=\"Cal Bernad\u00e0s\" \/>\n<meta property=\"article:publisher\" content=\"https:\/\/www.facebook.com\/calbernadas\" \/>\n<meta property=\"article:published_time\" content=\"2017-11-06T16:08:47+00:00\" \/>\n<meta property=\"article:modified_time\" content=\"2017-11-17T16:30:18+00:00\" \/>\n<meta property=\"og:image\" content=\"https:\/\/calbernadas.com\/wp-content\/uploads\/2017\/11\/labarraca-209-1024x683.jpg\" \/>\n\t<meta property=\"og:image:width\" content=\"1024\" \/>\n\t<meta property=\"og:image:height\" content=\"683\" \/>\n\t<meta property=\"og:image:type\" content=\"image\/jpeg\" \/>\n<meta name=\"author\" content=\"admin\" \/>\n<meta name=\"twitter:card\" content=\"summary_large_image\" \/>\n<meta name=\"twitter:creator\" content=\"@calbernadas\" \/>\n<meta name=\"twitter:site\" content=\"@calbernadas\" \/>\n<meta name=\"twitter:label1\" content=\"Escrit per\" \/>\n\t<meta name=\"twitter:data1\" content=\"admin\" \/>\n\t<meta name=\"twitter:label2\" content=\"Temps estimat de lectura\" \/>\n\t<meta name=\"twitter:data2\" content=\"2 minuts\" \/>\n<script type=\"application\/ld+json\" class=\"yoast-schema-graph\">{\"@context\":\"https:\/\/schema.org\",\"@graph\":[{\"@type\":\"Article\",\"@id\":\"https:\/\/calbernadas.com\/ca\/blog\/menu-gourmet-menu-bergueda\/#article\",\"isPartOf\":{\"@id\":\"https:\/\/calbernadas.com\/ca\/blog\/menu-gourmet-menu-bergueda\/\"},\"author\":{\"name\":\"admin\",\"@id\":\"https:\/\/calbernadas.com\/ca\/#\/schema\/person\/46093f07ff08bb892ace34b313f5c126\"},\"headline\":\"UNA NIT ROM\u00c0NTICA AMB GASTRONOMIA GOURMET O DEL BERGUED\u00c0\",\"datePublished\":\"2017-11-06T16:08:47+00:00\",\"dateModified\":\"2017-11-17T16:30:18+00:00\",\"mainEntityOfPage\":{\"@id\":\"https:\/\/calbernadas.com\/ca\/blog\/menu-gourmet-menu-bergueda\/\"},\"wordCount\":440,\"commentCount\":0,\"publisher\":{\"@id\":\"https:\/\/calbernadas.com\/ca\/#organization\"},\"articleSection\":[\"Rural packs\",\"Rural&amp;DailyRomantic\"],\"inLanguage\":\"ca\"},{\"@type\":\"WebPage\",\"@id\":\"https:\/\/calbernadas.com\/ca\/blog\/menu-gourmet-menu-bergueda\/\",\"url\":\"https:\/\/calbernadas.com\/ca\/blog\/menu-gourmet-menu-bergueda\/\",\"name\":\"UNA NIT ROM\u00c0NTICA AMB GASTRONOMIA GOURMET O DEL BERGUED\u00c0 - Cal Bernad\u00e0s\",\"isPartOf\":{\"@id\":\"https:\/\/calbernadas.com\/ca\/#website\"},\"datePublished\":\"2017-11-06T16:08:47+00:00\",\"dateModified\":\"2017-11-17T16:30:18+00:00\",\"breadcrumb\":{\"@id\":\"https:\/\/calbernadas.com\/ca\/blog\/menu-gourmet-menu-bergueda\/#breadcrumb\"},\"inLanguage\":\"ca\",\"potentialAction\":[{\"@type\":\"ReadAction\",\"target\":[\"https:\/\/calbernadas.com\/ca\/blog\/menu-gourmet-menu-bergueda\/\"]}]},{\"@type\":\"BreadcrumbList\",\"@id\":\"https:\/\/calbernadas.com\/ca\/blog\/menu-gourmet-menu-bergueda\/#breadcrumb\",\"itemListElement\":[{\"@type\":\"ListItem\",\"position\":1,\"name\":\"Portada\",\"item\":\"https:\/\/calbernadas.com\/ca\/\"},{\"@type\":\"ListItem\",\"position\":2,\"name\":\"UNA NIT ROM\u00c0NTICA AMB GASTRONOMIA GOURMET O DEL BERGUED\u00c0\"}]},{\"@type\":\"WebSite\",\"@id\":\"https:\/\/calbernadas.com\/ca\/#website\",\"url\":\"https:\/\/calbernadas.com\/ca\/\",\"name\":\"Cal Bernad\u00e0s\",\"description\":\"Turisme rural\",\"publisher\":{\"@id\":\"https:\/\/calbernadas.com\/ca\/#organization\"},\"potentialAction\":[{\"@type\":\"SearchAction\",\"target\":{\"@type\":\"EntryPoint\",\"urlTemplate\":\"https:\/\/calbernadas.com\/ca\/?s={search_term_string}\"},\"query-input\":\"required name=search_term_string\"}],\"inLanguage\":\"ca\"},{\"@type\":\"Organization\",\"@id\":\"https:\/\/calbernadas.com\/ca\/#organization\",\"name\":\"Cal Bernad\u00e0s\",\"url\":\"https:\/\/calbernadas.com\/ca\/\",\"logo\":{\"@type\":\"ImageObject\",\"inLanguage\":\"ca\",\"@id\":\"https:\/\/calbernadas.com\/ca\/#\/schema\/logo\/image\/\",\"url\":\"https:\/\/calbernadas.com\/wp-content\/uploads\/2017\/03\/logo_calbernadas2.png\",\"contentUrl\":\"https:\/\/calbernadas.com\/wp-content\/uploads\/2017\/03\/logo_calbernadas2.png\",\"width\":169,\"height\":156,\"caption\":\"Cal Bernad\u00e0s\"},\"image\":{\"@id\":\"https:\/\/calbernadas.com\/ca\/#\/schema\/logo\/image\/\"},\"sameAs\":[\"https:\/\/www.facebook.com\/calbernadas\",\"https:\/\/twitter.com\/calbernadas\",\"https:\/\/instagram.com\/calbernadas\/\",\"http:\/\/www.youtube.es\/calbernadas\"]},{\"@type\":\"Person\",\"@id\":\"https:\/\/calbernadas.com\/ca\/#\/schema\/person\/46093f07ff08bb892ace34b313f5c126\",\"name\":\"admin\",\"image\":{\"@type\":\"ImageObject\",\"inLanguage\":\"ca\",\"@id\":\"https:\/\/calbernadas.com\/ca\/#\/schema\/person\/image\/\",\"url\":\"https:\/\/secure.gravatar.com\/avatar\/aeeb8379a9b592e498740f09863f0d96?s=96&d=mm&r=g\",\"contentUrl\":\"https:\/\/secure.gravatar.com\/avatar\/aeeb8379a9b592e498740f09863f0d96?s=96&d=mm&r=g\",\"caption\":\"admin\"},\"url\":\"https:\/\/calbernadas.com\/ca\/blog\/author\/admin\/\"}]}<\/script>\n<!-- \/ Yoast SEO plugin. -->","yoast_head_json":{"title":"UNA NIT ROM\u00c0NTICA AMB GASTRONOMIA GOURMET O DEL BERGUED\u00c0 - Cal Bernad\u00e0s","robots":{"index":"index","follow":"follow","max-snippet":"max-snippet:-1","max-image-preview":"max-image-preview:large","max-video-preview":"max-video-preview:-1"},"canonical":"https:\/\/calbernadas.com\/ca\/blog\/menu-gourmet-menu-bergueda\/","og_locale":"ca_ES","og_type":"article","og_title":"UNA NIT ROM\u00c0NTICA AMB GASTRONOMIA GOURMET O DEL BERGUED\u00c0 - Cal Bernad\u00e0s","og_description":"[vc_row][vc_column][vc_single_image image=&#8221;19248&#8243; img_size=&#8221;full&#8221;][\/vc_column][\/vc_row][vc_row][vc_column][vc_column_text]Una trobada d&#8217;amics, Nadal, una reuni\u00f3 important, la Castanyada, la festa major, un aniversari &#8230; la majoria de [&hellip;]","og_url":"https:\/\/calbernadas.com\/ca\/blog\/menu-gourmet-menu-bergueda\/","og_site_name":"Cal Bernad\u00e0s","article_publisher":"https:\/\/www.facebook.com\/calbernadas","article_published_time":"2017-11-06T16:08:47+00:00","article_modified_time":"2017-11-17T16:30:18+00:00","og_image":[{"width":1024,"height":683,"url":"https:\/\/calbernadas.com\/wp-content\/uploads\/2017\/11\/labarraca-209-1024x683.jpg","type":"image\/jpeg"}],"author":"admin","twitter_card":"summary_large_image","twitter_creator":"@calbernadas","twitter_site":"@calbernadas","twitter_misc":{"Escrit per":"admin","Temps estimat de lectura":"2 minuts"},"schema":{"@context":"https:\/\/schema.org","@graph":[{"@type":"Article","@id":"https:\/\/calbernadas.com\/ca\/blog\/menu-gourmet-menu-bergueda\/#article","isPartOf":{"@id":"https:\/\/calbernadas.com\/ca\/blog\/menu-gourmet-menu-bergueda\/"},"author":{"name":"admin","@id":"https:\/\/calbernadas.com\/ca\/#\/schema\/person\/46093f07ff08bb892ace34b313f5c126"},"headline":"UNA NIT ROM\u00c0NTICA AMB GASTRONOMIA GOURMET O DEL BERGUED\u00c0","datePublished":"2017-11-06T16:08:47+00:00","dateModified":"2017-11-17T16:30:18+00:00","mainEntityOfPage":{"@id":"https:\/\/calbernadas.com\/ca\/blog\/menu-gourmet-menu-bergueda\/"},"wordCount":440,"commentCount":0,"publisher":{"@id":"https:\/\/calbernadas.com\/ca\/#organization"},"articleSection":["Rural packs","Rural&amp;DailyRomantic"],"inLanguage":"ca"},{"@type":"WebPage","@id":"https:\/\/calbernadas.com\/ca\/blog\/menu-gourmet-menu-bergueda\/","url":"https:\/\/calbernadas.com\/ca\/blog\/menu-gourmet-menu-bergueda\/","name":"UNA NIT ROM\u00c0NTICA AMB GASTRONOMIA GOURMET O DEL BERGUED\u00c0 - Cal Bernad\u00e0s","isPartOf":{"@id":"https:\/\/calbernadas.com\/ca\/#website"},"datePublished":"2017-11-06T16:08:47+00:00","dateModified":"2017-11-17T16:30:18+00:00","breadcrumb":{"@id":"https:\/\/calbernadas.com\/ca\/blog\/menu-gourmet-menu-bergueda\/#breadcrumb"},"inLanguage":"ca","potentialAction":[{"@type":"ReadAction","target":["https:\/\/calbernadas.com\/ca\/blog\/menu-gourmet-menu-bergueda\/"]}]},{"@type":"BreadcrumbList","@id":"https:\/\/calbernadas.com\/ca\/blog\/menu-gourmet-menu-bergueda\/#breadcrumb","itemListElement":[{"@type":"ListItem","position":1,"name":"Portada","item":"https:\/\/calbernadas.com\/ca\/"},{"@type":"ListItem","position":2,"name":"UNA NIT ROM\u00c0NTICA AMB GASTRONOMIA GOURMET O DEL BERGUED\u00c0"}]},{"@type":"WebSite","@id":"https:\/\/calbernadas.com\/ca\/#website","url":"https:\/\/calbernadas.com\/ca\/","name":"Cal Bernad\u00e0s","description":"Turisme rural","publisher":{"@id":"https:\/\/calbernadas.com\/ca\/#organization"},"potentialAction":[{"@type":"SearchAction","target":{"@type":"EntryPoint","urlTemplate":"https:\/\/calbernadas.com\/ca\/?s={search_term_string}"},"query-input":"required name=search_term_string"}],"inLanguage":"ca"},{"@type":"Organization","@id":"https:\/\/calbernadas.com\/ca\/#organization","name":"Cal Bernad\u00e0s","url":"https:\/\/calbernadas.com\/ca\/","logo":{"@type":"ImageObject","inLanguage":"ca","@id":"https:\/\/calbernadas.com\/ca\/#\/schema\/logo\/image\/","url":"https:\/\/calbernadas.com\/wp-content\/uploads\/2017\/03\/logo_calbernadas2.png","contentUrl":"https:\/\/calbernadas.com\/wp-content\/uploads\/2017\/03\/logo_calbernadas2.png","width":169,"height":156,"caption":"Cal Bernad\u00e0s"},"image":{"@id":"https:\/\/calbernadas.com\/ca\/#\/schema\/logo\/image\/"},"sameAs":["https:\/\/www.facebook.com\/calbernadas","https:\/\/twitter.com\/calbernadas","https:\/\/instagram.com\/calbernadas\/","http:\/\/www.youtube.es\/calbernadas"]},{"@type":"Person","@id":"https:\/\/calbernadas.com\/ca\/#\/schema\/person\/46093f07ff08bb892ace34b313f5c126","name":"admin","image":{"@type":"ImageObject","inLanguage":"ca","@id":"https:\/\/calbernadas.com\/ca\/#\/schema\/person\/image\/","url":"https:\/\/secure.gravatar.com\/avatar\/aeeb8379a9b592e498740f09863f0d96?s=96&d=mm&r=g","contentUrl":"https:\/\/secure.gravatar.com\/avatar\/aeeb8379a9b592e498740f09863f0d96?s=96&d=mm&r=g","caption":"admin"},"url":"https:\/\/calbernadas.com\/ca\/blog\/author\/admin\/"}]}},"_links":{"self":[{"href":"https:\/\/calbernadas.com\/ca\/wp-json\/wp\/v2\/posts\/19244"}],"collection":[{"href":"https:\/\/calbernadas.com\/ca\/wp-json\/wp\/v2\/posts"}],"about":[{"href":"https:\/\/calbernadas.com\/ca\/wp-json\/wp\/v2\/types\/post"}],"author":[{"embeddable":true,"href":"https:\/\/calbernadas.com\/ca\/wp-json\/wp\/v2\/users\/1"}],"replies":[{"embeddable":true,"href":"https:\/\/calbernadas.com\/ca\/wp-json\/wp\/v2\/comments?post=19244"}],"version-history":[{"count":15,"href":"https:\/\/calbernadas.com\/ca\/wp-json\/wp\/v2\/posts\/19244\/revisions"}],"predecessor-version":[{"id":19572,"href":"https:\/\/calbernadas.com\/ca\/wp-json\/wp\/v2\/posts\/19244\/revisions\/19572"}],"wp:featuredmedia":[{"embeddable":true,"href":"https:\/\/calbernadas.com\/ca\/wp-json\/wp\/v2\/media\/19248"}],"wp:attachment":[{"href":"https:\/\/calbernadas.com\/ca\/wp-json\/wp\/v2\/media?parent=19244"}],"wp:term":[{"taxonomy":"category","embeddable":true,"href":"https:\/\/calbernadas.com\/ca\/wp-json\/wp\/v2\/categories?post=19244"},{"taxonomy":"post_tag","embeddable":true,"href":"https:\/\/calbernadas.com\/ca\/wp-json\/wp\/v2\/tags?post=19244"}],"curies":[{"name":"wp","href":"https:\/\/api.w.org\/{rel}","templated":true}]}}