{"id":18827,"date":"2016-01-25T17:10:05","date_gmt":"2016-01-25T16:10:05","guid":{"rendered":"https:\/\/calbernadas.com\/ca\/?p=18827"},"modified":"2017-07-13T17:30:46","modified_gmt":"2017-07-13T16:30:46","slug":"mireiajuanan-una-parella-molt-bonica","status":"publish","type":"post","link":"https:\/\/calbernadas.com\/ca\/blog\/mireiajuanan-una-parella-molt-bonica\/","title":{"rendered":"MIREIA&#038;JUANAN. UNA PARELLA ENCANTADORA"},"content":{"rendered":"<p>[vc_row][vc_column][vc_column_text]Una cerim\u00f2nia enmig del bosc, un aperitiu al jard\u00ed i un sopar i festeta a les cavallerisses. Aix\u00ed \u00e9s com ho van viure la Mireia y el Juanan.<\/p>\n<p>Una parella encantadora que va organitzar las seva boda cuidant tots els detalls, des del vestit, les sabates, el ram, fins al menjar, la m\u00fasica, la fot\u00f2grafa, els regalets per les seves fam\u00edlies i amics&#8230; I sobretot, sobretot, perqu\u00e8 no van deixar mai de pensar que la preparaven per un motiu molt important: no deixar de passar-s\u2019ho b\u00e9 ni un segon en un dels dies m\u00e9s importants de les seves vides.<\/p>\n<p>Enhorabona Mireia i Juanan![\/vc_column_text][\/vc_column][\/vc_row][vc_row][vc_column][vc_gallery type=&#8221;image_grid&#8221; images=&#8221;18829,18830,18831,18834,18835,18836,18837,18838,18839,18840,18841,18842,18843,18844,18845,18846,18832,18833,18847,18848,18849,18850,18851,18852,18853,18854,18855,18856,18857,18858,18859,18860,18861,18862,18863,18864,18865,18866&#8243; img_size=&#8221;full&#8221;][\/vc_column][\/vc_row][vc_row][vc_column][vc_column_text]<\/p>\n<p style=\"text-align: center;\">Espai: Masia <a href=\"https:\/\/calbernadas.com\/ca\/celebracions\/el-munt\/\">El Munt<\/a><\/p>\n<p style=\"text-align: center;\">Organitzaci\u00f3 de l&#8217;esdeveniment: <a href=\"https:\/\/calbernadas.com\/ca\/celebracions\/wedding-planner\/\">Anna Niub\u00f2 &#8211; Cal Bernad\u00e0s<\/a><\/p>\n<p style=\"text-align: center;\">Fotografia: <a href=\"http:\/\/laurachacon.es\">Laura Chac\u00f3n<\/a><\/p>\n<p style=\"text-align: center;\">C\u00e0tering: <a href=\"http:\/\/www.cateringcalblay.com\">Cal Blay<\/a><\/p>\n<p style=\"text-align: center;\">Decoraci\u00f3: DIY<\/p>\n<p style=\"text-align: center;\">Vestit n\u00favia: <a href=\"http:\/\/www.jennypackham.com\">Jenny Packham<\/a><\/p>\n<p style=\"text-align: center;\">Sabates n\u00favia: <a href=\"http:\/\/coqueteriaatelier.blogspot.com.es\">La Coqueteria Atelier<\/a><\/p>\n<p style=\"text-align: center;\">Ram n\u00favia: <a href=\"http:\/\/ohfleurs.es\">Oh Fleurs!<\/a><\/p>\n<p style=\"text-align: center;\">Vestit nuvi: <a href=\"http:\/\/www.trajessenor.com\">Se\u00f1or<\/a><\/p>\n<p style=\"text-align: center;\">M\u00fasica: Star3<\/p>\n<p style=\"text-align: center;\">Perruqueria i maquillatge: <a href=\"http:\/\/mainieto.com\/portafolio\/\">Maite Nieto<\/a><\/p>\n<p style=\"text-align: center;\">Cupcakes: <a href=\"http:\/\/www.latartarina.com\">La Tartarina<\/a><\/p>\n<p>[\/vc_column_text][\/vc_column][\/vc_row][vc_row][vc_column][vc_empty_space height=&#8221;80px&#8221;][\/vc_column][\/vc_row]<\/p>\n","protected":false},"excerpt":{"rendered":"<p>[vc_row][vc_column][vc_column_text]Una cerim\u00f2nia enmig del bosc, un aperitiu al jard\u00ed i un sopar i festeta a les cavallerisses. Aix\u00ed \u00e9s com [&hellip;]<\/p>\n","protected":false},"author":1,"featured_media":18859,"comment_status":"open","ping_status":"open","sticky":false,"template":"","format":"standard","meta":{"footnotes":""},"categories":[3,206],"tags":[216,199,232,201,235,202,217,219,203,198,220,197,231],"yoast_head":"<!-- This site is optimized with the Yoast SEO plugin v21.5 - https:\/\/yoast.com\/wordpress\/plugins\/seo\/ -->\n<title>MIREIA&amp;JUANAN. UNA PARELLA ENCANTADORA - Cal Bernad\u00e0s<\/title>\n<meta name=\"robots\" content=\"index, follow, max-snippet:-1, max-image-preview:large, max-video-preview:-1\" \/>\n<link rel=\"canonical\" href=\"https:\/\/calbernadas.com\/ca\/blog\/mireiajuanan-una-parella-molt-bonica\/\" \/>\n<meta property=\"og:locale\" content=\"ca_ES\" \/>\n<meta property=\"og:type\" content=\"article\" \/>\n<meta property=\"og:title\" content=\"MIREIA&amp;JUANAN. UNA PARELLA ENCANTADORA - Cal Bernad\u00e0s\" \/>\n<meta property=\"og:description\" content=\"[vc_row][vc_column][vc_column_text]Una cerim\u00f2nia enmig del bosc, un aperitiu al jard\u00ed i un sopar i festeta a les cavallerisses. Aix\u00ed \u00e9s com [&hellip;]\" \/>\n<meta property=\"og:url\" content=\"https:\/\/calbernadas.com\/ca\/blog\/mireiajuanan-una-parella-molt-bonica\/\" \/>\n<meta property=\"og:site_name\" content=\"Cal Bernad\u00e0s\" \/>\n<meta property=\"article:publisher\" content=\"https:\/\/www.facebook.com\/calbernadas\" \/>\n<meta property=\"article:published_time\" content=\"2016-01-25T16:10:05+00:00\" \/>\n<meta property=\"article:modified_time\" content=\"2017-07-13T16:30:46+00:00\" \/>\n<meta property=\"og:image\" content=\"https:\/\/calbernadas.com\/wp-content\/uploads\/2017\/07\/BODAJUANANMIREIA-461A.-Boda-el-Munt.-Mireia-i-Juanan.jpg\" \/>\n\t<meta property=\"og:image:width\" content=\"1500\" \/>\n\t<meta property=\"og:image:height\" content=\"1000\" \/>\n\t<meta property=\"og:image:type\" content=\"image\/jpeg\" \/>\n<meta name=\"author\" content=\"admin\" \/>\n<meta name=\"twitter:card\" content=\"summary_large_image\" \/>\n<meta name=\"twitter:creator\" content=\"@calbernadas\" \/>\n<meta name=\"twitter:site\" content=\"@calbernadas\" \/>\n<meta name=\"twitter:label1\" content=\"Escrit per\" \/>\n\t<meta name=\"twitter:data1\" content=\"admin\" \/>\n\t<meta name=\"twitter:label2\" content=\"Temps estimat de lectura\" \/>\n\t<meta name=\"twitter:data2\" content=\"1 minut\" \/>\n<script type=\"application\/ld+json\" class=\"yoast-schema-graph\">{\"@context\":\"https:\/\/schema.org\",\"@graph\":[{\"@type\":\"Article\",\"@id\":\"https:\/\/calbernadas.com\/ca\/blog\/mireiajuanan-una-parella-molt-bonica\/#article\",\"isPartOf\":{\"@id\":\"https:\/\/calbernadas.com\/ca\/blog\/mireiajuanan-una-parella-molt-bonica\/\"},\"author\":{\"name\":\"admin\",\"@id\":\"https:\/\/calbernadas.com\/ca\/#\/schema\/person\/46093f07ff08bb892ace34b313f5c126\"},\"headline\":\"MIREIA&#038;JUANAN. UNA PARELLA ENCANTADORA\",\"datePublished\":\"2016-01-25T16:10:05+00:00\",\"dateModified\":\"2017-07-13T16:30:46+00:00\",\"mainEntityOfPage\":{\"@id\":\"https:\/\/calbernadas.com\/ca\/blog\/mireiajuanan-una-parella-molt-bonica\/\"},\"wordCount\":226,\"commentCount\":0,\"publisher\":{\"@id\":\"https:\/\/calbernadas.com\/ca\/#organization\"},\"keywords\":[\"barcelonawedding\",\"boda\",\"bodabarcelona\",\"bodarural\",\"bodas\",\"calbernadas\",\"destinationwedding\",\"elmunt\",\"momentsbernadas\",\"ruralwedding\",\"venueforwedding\",\"wedding\",\"weddingabroad\"],\"articleSection\":[\"Celebracions\",\"Celebracions_el Munt\"],\"inLanguage\":\"ca\"},{\"@type\":\"WebPage\",\"@id\":\"https:\/\/calbernadas.com\/ca\/blog\/mireiajuanan-una-parella-molt-bonica\/\",\"url\":\"https:\/\/calbernadas.com\/ca\/blog\/mireiajuanan-una-parella-molt-bonica\/\",\"name\":\"MIREIA&JUANAN. UNA PARELLA ENCANTADORA - Cal Bernad\u00e0s\",\"isPartOf\":{\"@id\":\"https:\/\/calbernadas.com\/ca\/#website\"},\"datePublished\":\"2016-01-25T16:10:05+00:00\",\"dateModified\":\"2017-07-13T16:30:46+00:00\",\"breadcrumb\":{\"@id\":\"https:\/\/calbernadas.com\/ca\/blog\/mireiajuanan-una-parella-molt-bonica\/#breadcrumb\"},\"inLanguage\":\"ca\",\"potentialAction\":[{\"@type\":\"ReadAction\",\"target\":[\"https:\/\/calbernadas.com\/ca\/blog\/mireiajuanan-una-parella-molt-bonica\/\"]}]},{\"@type\":\"BreadcrumbList\",\"@id\":\"https:\/\/calbernadas.com\/ca\/blog\/mireiajuanan-una-parella-molt-bonica\/#breadcrumb\",\"itemListElement\":[{\"@type\":\"ListItem\",\"position\":1,\"name\":\"Portada\",\"item\":\"https:\/\/calbernadas.com\/ca\/\"},{\"@type\":\"ListItem\",\"position\":2,\"name\":\"MIREIA&#038;JUANAN. UNA PARELLA ENCANTADORA\"}]},{\"@type\":\"WebSite\",\"@id\":\"https:\/\/calbernadas.com\/ca\/#website\",\"url\":\"https:\/\/calbernadas.com\/ca\/\",\"name\":\"Cal Bernad\u00e0s\",\"description\":\"Turisme rural\",\"publisher\":{\"@id\":\"https:\/\/calbernadas.com\/ca\/#organization\"},\"potentialAction\":[{\"@type\":\"SearchAction\",\"target\":{\"@type\":\"EntryPoint\",\"urlTemplate\":\"https:\/\/calbernadas.com\/ca\/?s={search_term_string}\"},\"query-input\":\"required name=search_term_string\"}],\"inLanguage\":\"ca\"},{\"@type\":\"Organization\",\"@id\":\"https:\/\/calbernadas.com\/ca\/#organization\",\"name\":\"Cal Bernad\u00e0s\",\"url\":\"https:\/\/calbernadas.com\/ca\/\",\"logo\":{\"@type\":\"ImageObject\",\"inLanguage\":\"ca\",\"@id\":\"https:\/\/calbernadas.com\/ca\/#\/schema\/logo\/image\/\",\"url\":\"https:\/\/calbernadas.com\/wp-content\/uploads\/2017\/03\/logo_calbernadas2.png\",\"contentUrl\":\"https:\/\/calbernadas.com\/wp-content\/uploads\/2017\/03\/logo_calbernadas2.png\",\"width\":169,\"height\":156,\"caption\":\"Cal Bernad\u00e0s\"},\"image\":{\"@id\":\"https:\/\/calbernadas.com\/ca\/#\/schema\/logo\/image\/\"},\"sameAs\":[\"https:\/\/www.facebook.com\/calbernadas\",\"https:\/\/twitter.com\/calbernadas\",\"https:\/\/instagram.com\/calbernadas\/\",\"http:\/\/www.youtube.es\/calbernadas\"]},{\"@type\":\"Person\",\"@id\":\"https:\/\/calbernadas.com\/ca\/#\/schema\/person\/46093f07ff08bb892ace34b313f5c126\",\"name\":\"admin\",\"image\":{\"@type\":\"ImageObject\",\"inLanguage\":\"ca\",\"@id\":\"https:\/\/calbernadas.com\/ca\/#\/schema\/person\/image\/\",\"url\":\"https:\/\/secure.gravatar.com\/avatar\/aeeb8379a9b592e498740f09863f0d96?s=96&d=mm&r=g\",\"contentUrl\":\"https:\/\/secure.gravatar.com\/avatar\/aeeb8379a9b592e498740f09863f0d96?s=96&d=mm&r=g\",\"caption\":\"admin\"},\"url\":\"https:\/\/calbernadas.com\/ca\/blog\/author\/admin\/\"}]}<\/script>\n<!-- \/ Yoast SEO plugin. -->","yoast_head_json":{"title":"MIREIA&JUANAN. UNA PARELLA ENCANTADORA - Cal Bernad\u00e0s","robots":{"index":"index","follow":"follow","max-snippet":"max-snippet:-1","max-image-preview":"max-image-preview:large","max-video-preview":"max-video-preview:-1"},"canonical":"https:\/\/calbernadas.com\/ca\/blog\/mireiajuanan-una-parella-molt-bonica\/","og_locale":"ca_ES","og_type":"article","og_title":"MIREIA&JUANAN. UNA PARELLA ENCANTADORA - Cal Bernad\u00e0s","og_description":"[vc_row][vc_column][vc_column_text]Una cerim\u00f2nia enmig del bosc, un aperitiu al jard\u00ed i un sopar i festeta a les cavallerisses. Aix\u00ed \u00e9s com [&hellip;]","og_url":"https:\/\/calbernadas.com\/ca\/blog\/mireiajuanan-una-parella-molt-bonica\/","og_site_name":"Cal Bernad\u00e0s","article_publisher":"https:\/\/www.facebook.com\/calbernadas","article_published_time":"2016-01-25T16:10:05+00:00","article_modified_time":"2017-07-13T16:30:46+00:00","og_image":[{"width":1500,"height":1000,"url":"https:\/\/calbernadas.com\/wp-content\/uploads\/2017\/07\/BODAJUANANMIREIA-461A.-Boda-el-Munt.-Mireia-i-Juanan.jpg","type":"image\/jpeg"}],"author":"admin","twitter_card":"summary_large_image","twitter_creator":"@calbernadas","twitter_site":"@calbernadas","twitter_misc":{"Escrit per":"admin","Temps estimat de lectura":"1 minut"},"schema":{"@context":"https:\/\/schema.org","@graph":[{"@type":"Article","@id":"https:\/\/calbernadas.com\/ca\/blog\/mireiajuanan-una-parella-molt-bonica\/#article","isPartOf":{"@id":"https:\/\/calbernadas.com\/ca\/blog\/mireiajuanan-una-parella-molt-bonica\/"},"author":{"name":"admin","@id":"https:\/\/calbernadas.com\/ca\/#\/schema\/person\/46093f07ff08bb892ace34b313f5c126"},"headline":"MIREIA&#038;JUANAN. UNA PARELLA ENCANTADORA","datePublished":"2016-01-25T16:10:05+00:00","dateModified":"2017-07-13T16:30:46+00:00","mainEntityOfPage":{"@id":"https:\/\/calbernadas.com\/ca\/blog\/mireiajuanan-una-parella-molt-bonica\/"},"wordCount":226,"commentCount":0,"publisher":{"@id":"https:\/\/calbernadas.com\/ca\/#organization"},"keywords":["barcelonawedding","boda","bodabarcelona","bodarural","bodas","calbernadas","destinationwedding","elmunt","momentsbernadas","ruralwedding","venueforwedding","wedding","weddingabroad"],"articleSection":["Celebracions","Celebracions_el Munt"],"inLanguage":"ca"},{"@type":"WebPage","@id":"https:\/\/calbernadas.com\/ca\/blog\/mireiajuanan-una-parella-molt-bonica\/","url":"https:\/\/calbernadas.com\/ca\/blog\/mireiajuanan-una-parella-molt-bonica\/","name":"MIREIA&JUANAN. UNA PARELLA ENCANTADORA - Cal Bernad\u00e0s","isPartOf":{"@id":"https:\/\/calbernadas.com\/ca\/#website"},"datePublished":"2016-01-25T16:10:05+00:00","dateModified":"2017-07-13T16:30:46+00:00","breadcrumb":{"@id":"https:\/\/calbernadas.com\/ca\/blog\/mireiajuanan-una-parella-molt-bonica\/#breadcrumb"},"inLanguage":"ca","potentialAction":[{"@type":"ReadAction","target":["https:\/\/calbernadas.com\/ca\/blog\/mireiajuanan-una-parella-molt-bonica\/"]}]},{"@type":"BreadcrumbList","@id":"https:\/\/calbernadas.com\/ca\/blog\/mireiajuanan-una-parella-molt-bonica\/#breadcrumb","itemListElement":[{"@type":"ListItem","position":1,"name":"Portada","item":"https:\/\/calbernadas.com\/ca\/"},{"@type":"ListItem","position":2,"name":"MIREIA&#038;JUANAN. UNA PARELLA ENCANTADORA"}]},{"@type":"WebSite","@id":"https:\/\/calbernadas.com\/ca\/#website","url":"https:\/\/calbernadas.com\/ca\/","name":"Cal Bernad\u00e0s","description":"Turisme rural","publisher":{"@id":"https:\/\/calbernadas.com\/ca\/#organization"},"potentialAction":[{"@type":"SearchAction","target":{"@type":"EntryPoint","urlTemplate":"https:\/\/calbernadas.com\/ca\/?s={search_term_string}"},"query-input":"required name=search_term_string"}],"inLanguage":"ca"},{"@type":"Organization","@id":"https:\/\/calbernadas.com\/ca\/#organization","name":"Cal Bernad\u00e0s","url":"https:\/\/calbernadas.com\/ca\/","logo":{"@type":"ImageObject","inLanguage":"ca","@id":"https:\/\/calbernadas.com\/ca\/#\/schema\/logo\/image\/","url":"https:\/\/calbernadas.com\/wp-content\/uploads\/2017\/03\/logo_calbernadas2.png","contentUrl":"https:\/\/calbernadas.com\/wp-content\/uploads\/2017\/03\/logo_calbernadas2.png","width":169,"height":156,"caption":"Cal Bernad\u00e0s"},"image":{"@id":"https:\/\/calbernadas.com\/ca\/#\/schema\/logo\/image\/"},"sameAs":["https:\/\/www.facebook.com\/calbernadas","https:\/\/twitter.com\/calbernadas","https:\/\/instagram.com\/calbernadas\/","http:\/\/www.youtube.es\/calbernadas"]},{"@type":"Person","@id":"https:\/\/calbernadas.com\/ca\/#\/schema\/person\/46093f07ff08bb892ace34b313f5c126","name":"admin","image":{"@type":"ImageObject","inLanguage":"ca","@id":"https:\/\/calbernadas.com\/ca\/#\/schema\/person\/image\/","url":"https:\/\/secure.gravatar.com\/avatar\/aeeb8379a9b592e498740f09863f0d96?s=96&d=mm&r=g","contentUrl":"https:\/\/secure.gravatar.com\/avatar\/aeeb8379a9b592e498740f09863f0d96?s=96&d=mm&r=g","caption":"admin"},"url":"https:\/\/calbernadas.com\/ca\/blog\/author\/admin\/"}]}},"_links":{"self":[{"href":"https:\/\/calbernadas.com\/ca\/wp-json\/wp\/v2\/posts\/18827"}],"collection":[{"href":"https:\/\/calbernadas.com\/ca\/wp-json\/wp\/v2\/posts"}],"about":[{"href":"https:\/\/calbernadas.com\/ca\/wp-json\/wp\/v2\/types\/post"}],"author":[{"embeddable":true,"href":"https:\/\/calbernadas.com\/ca\/wp-json\/wp\/v2\/users\/1"}],"replies":[{"embeddable":true,"href":"https:\/\/calbernadas.com\/ca\/wp-json\/wp\/v2\/comments?post=18827"}],"version-history":[{"count":6,"href":"https:\/\/calbernadas.com\/ca\/wp-json\/wp\/v2\/posts\/18827\/revisions"}],"predecessor-version":[{"id":18872,"href":"https:\/\/calbernadas.com\/ca\/wp-json\/wp\/v2\/posts\/18827\/revisions\/18872"}],"wp:featuredmedia":[{"embeddable":true,"href":"https:\/\/calbernadas.com\/ca\/wp-json\/wp\/v2\/media\/18859"}],"wp:attachment":[{"href":"https:\/\/calbernadas.com\/ca\/wp-json\/wp\/v2\/media?parent=18827"}],"wp:term":[{"taxonomy":"category","embeddable":true,"href":"https:\/\/calbernadas.com\/ca\/wp-json\/wp\/v2\/categories?post=18827"},{"taxonomy":"post_tag","embeddable":true,"href":"https:\/\/calbernadas.com\/ca\/wp-json\/wp\/v2\/tags?post=18827"}],"curies":[{"name":"wp","href":"https:\/\/api.w.org\/{rel}","templated":true}]}}