{"id":18345,"date":"2017-04-21T18:38:36","date_gmt":"2017-04-21T17:38:36","guid":{"rendered":"https:\/\/calbernadas.com\/ca\/?p=18345"},"modified":"2017-11-29T11:05:54","modified_gmt":"2017-11-29T10:05:54","slug":"dia-especial-sense-flors-no-dia-especial","status":"publish","type":"post","link":"https:\/\/calbernadas.com\/ca\/blog\/dia-especial-sense-flors-no-dia-especial\/","title":{"rendered":"UN DIA ESPECIAL SENSE FLORS NO \u00c9S UN DIA ESPECIAL"},"content":{"rendered":"<p>[vc_row][vc_column][vc_column_text]Feia molt temps que tenia ganes de fer un post aix\u00ed, i quin millor dia que avui que \u00e9s el dia dels enamorats i les flors hi tenen un paper imprescindible?<\/p>\n<p>El dia de Sant Jordi sense roses no seria Sant Jordi, ni com tampoc ho seria un casament sense un ram de n\u00favia. Aix\u00ed doncs, us deixo amb\u00a0una bonica selecci\u00f3 de rams de n\u00favia que han tingut un paper important en dies molt especials a casa nostra.<\/p>\n<p>Rams grans i rams petits; rams amb flors de tots colors i rams amb flors d&#8217;una mateixa tonalitat; rams campestres i rams sofisticats. Rams per a tots els gustos i cadascun d&#8217;ells especial i \u00fanic per a cada n\u00favia, per a cada parella, per a cada hist\u00f2ria d&#8217;amor.<\/p>\n<p>Que gaudiu dels rams, de l&#8217;amor i d&#8217;aquest Sant Jordi! I no deixeu que les flors nom\u00e9s siguin a les vostres vides en dies assenyalats. Feu que us envoltin cada dia i segur que sereu m\u00e9s feli\u00e7os. Escolliu les que m\u00e9s us agradin, que per gustos, flors. Per\u00f2 aix\u00f2 si, avui toca la rosa. Bon Sant Jordi!<\/p>\n<p>[\/vc_column_text][\/vc_column][\/vc_row][vc_row][vc_column][vc_gallery type=&#8221;image_grid&#8221; images=&#8221;18352,18349,18353,18350,18358,18354,18351,18357,18356,18348,18346&#8243; img_size=&#8221;full&#8221;][vc_empty_space height=&#8221;80px&#8221;][\/vc_column][\/vc_row][vc_row][vc_column][vc_separator][\/vc_column][\/vc_row]<\/p>\n","protected":false},"excerpt":{"rendered":"<p>[vc_row][vc_column][vc_column_text]Feia molt temps que tenia ganes de fer un post aix\u00ed, i quin millor dia que avui que \u00e9s el [&hellip;]<\/p>\n","protected":false},"author":1,"featured_media":18358,"comment_status":"open","ping_status":"open","sticky":false,"template":"","format":"standard","meta":{"footnotes":""},"categories":[3,206,209,80,211],"tags":[216,199,201,226,227,217,225,223,198,224,220,197],"yoast_head":"<!-- This site is optimized with the Yoast SEO plugin v21.5 - https:\/\/yoast.com\/wordpress\/plugins\/seo\/ -->\n<title>UN DIA ESPECIAL SENSE FLORS NO \u00c9S UN DIA ESPECIAL - Cal Bernad\u00e0s<\/title>\n<meta name=\"robots\" content=\"index, follow, max-snippet:-1, max-image-preview:large, max-video-preview:-1\" \/>\n<link rel=\"canonical\" href=\"https:\/\/calbernadas.com\/ca\/blog\/dia-especial-sense-flors-no-dia-especial\/\" \/>\n<meta property=\"og:locale\" content=\"ca_ES\" \/>\n<meta property=\"og:type\" content=\"article\" \/>\n<meta property=\"og:title\" content=\"UN DIA ESPECIAL SENSE FLORS NO \u00c9S UN DIA ESPECIAL - Cal Bernad\u00e0s\" \/>\n<meta property=\"og:description\" content=\"[vc_row][vc_column][vc_column_text]Feia molt temps que tenia ganes de fer un post aix\u00ed, i quin millor dia que avui que \u00e9s el [&hellip;]\" \/>\n<meta property=\"og:url\" content=\"https:\/\/calbernadas.com\/ca\/blog\/dia-especial-sense-flors-no-dia-especial\/\" \/>\n<meta property=\"og:site_name\" content=\"Cal Bernad\u00e0s\" \/>\n<meta property=\"article:publisher\" content=\"https:\/\/www.facebook.com\/calbernadas\" \/>\n<meta property=\"article:published_time\" content=\"2017-04-21T17:38:36+00:00\" \/>\n<meta property=\"article:modified_time\" content=\"2017-11-29T10:05:54+00:00\" \/>\n<meta property=\"og:image\" content=\"https:\/\/calbernadas.com\/wp-content\/uploads\/2017\/04\/410_160611_ElisaMauri_20562A.jpg\" \/>\n\t<meta property=\"og:image:width\" content=\"4256\" \/>\n\t<meta property=\"og:image:height\" content=\"2832\" \/>\n\t<meta property=\"og:image:type\" content=\"image\/jpeg\" \/>\n<meta name=\"author\" content=\"admin\" \/>\n<meta name=\"twitter:card\" content=\"summary_large_image\" \/>\n<meta name=\"twitter:creator\" content=\"@calbernadas\" \/>\n<meta name=\"twitter:site\" content=\"@calbernadas\" \/>\n<meta name=\"twitter:label1\" content=\"Escrit per\" \/>\n\t<meta name=\"twitter:data1\" content=\"admin\" \/>\n\t<meta name=\"twitter:label2\" content=\"Temps estimat de lectura\" \/>\n\t<meta name=\"twitter:data2\" content=\"1 minut\" \/>\n<script type=\"application\/ld+json\" class=\"yoast-schema-graph\">{\"@context\":\"https:\/\/schema.org\",\"@graph\":[{\"@type\":\"Article\",\"@id\":\"https:\/\/calbernadas.com\/ca\/blog\/dia-especial-sense-flors-no-dia-especial\/#article\",\"isPartOf\":{\"@id\":\"https:\/\/calbernadas.com\/ca\/blog\/dia-especial-sense-flors-no-dia-especial\/\"},\"author\":{\"name\":\"admin\",\"@id\":\"https:\/\/calbernadas.com\/ca\/#\/schema\/person\/46093f07ff08bb892ace34b313f5c126\"},\"headline\":\"UN DIA ESPECIAL SENSE FLORS NO \u00c9S UN DIA ESPECIAL\",\"datePublished\":\"2017-04-21T17:38:36+00:00\",\"dateModified\":\"2017-11-29T10:05:54+00:00\",\"mainEntityOfPage\":{\"@id\":\"https:\/\/calbernadas.com\/ca\/blog\/dia-especial-sense-flors-no-dia-especial\/\"},\"wordCount\":248,\"commentCount\":0,\"publisher\":{\"@id\":\"https:\/\/calbernadas.com\/ca\/#organization\"},\"keywords\":[\"barcelonawedding\",\"boda\",\"bodarural\",\"bouquet\",\"dailyromantic\",\"destinationwedding\",\"flors\",\"rural\",\"ruralwedding\",\"santjordi\",\"venueforwedding\",\"wedding\"],\"articleSection\":[\"Celebracions\",\"Celebracions_el Munt\",\"Celebracions_la Cabana\",\"Rural packs\",\"Rural&amp;DailyRomantic\"],\"inLanguage\":\"ca\"},{\"@type\":\"WebPage\",\"@id\":\"https:\/\/calbernadas.com\/ca\/blog\/dia-especial-sense-flors-no-dia-especial\/\",\"url\":\"https:\/\/calbernadas.com\/ca\/blog\/dia-especial-sense-flors-no-dia-especial\/\",\"name\":\"UN DIA ESPECIAL SENSE FLORS NO \u00c9S UN DIA ESPECIAL - Cal Bernad\u00e0s\",\"isPartOf\":{\"@id\":\"https:\/\/calbernadas.com\/ca\/#website\"},\"datePublished\":\"2017-04-21T17:38:36+00:00\",\"dateModified\":\"2017-11-29T10:05:54+00:00\",\"breadcrumb\":{\"@id\":\"https:\/\/calbernadas.com\/ca\/blog\/dia-especial-sense-flors-no-dia-especial\/#breadcrumb\"},\"inLanguage\":\"ca\",\"potentialAction\":[{\"@type\":\"ReadAction\",\"target\":[\"https:\/\/calbernadas.com\/ca\/blog\/dia-especial-sense-flors-no-dia-especial\/\"]}]},{\"@type\":\"BreadcrumbList\",\"@id\":\"https:\/\/calbernadas.com\/ca\/blog\/dia-especial-sense-flors-no-dia-especial\/#breadcrumb\",\"itemListElement\":[{\"@type\":\"ListItem\",\"position\":1,\"name\":\"Portada\",\"item\":\"https:\/\/calbernadas.com\/ca\/\"},{\"@type\":\"ListItem\",\"position\":2,\"name\":\"UN DIA ESPECIAL SENSE FLORS NO \u00c9S UN DIA ESPECIAL\"}]},{\"@type\":\"WebSite\",\"@id\":\"https:\/\/calbernadas.com\/ca\/#website\",\"url\":\"https:\/\/calbernadas.com\/ca\/\",\"name\":\"Cal Bernad\u00e0s\",\"description\":\"Turisme rural\",\"publisher\":{\"@id\":\"https:\/\/calbernadas.com\/ca\/#organization\"},\"potentialAction\":[{\"@type\":\"SearchAction\",\"target\":{\"@type\":\"EntryPoint\",\"urlTemplate\":\"https:\/\/calbernadas.com\/ca\/?s={search_term_string}\"},\"query-input\":\"required name=search_term_string\"}],\"inLanguage\":\"ca\"},{\"@type\":\"Organization\",\"@id\":\"https:\/\/calbernadas.com\/ca\/#organization\",\"name\":\"Cal Bernad\u00e0s\",\"url\":\"https:\/\/calbernadas.com\/ca\/\",\"logo\":{\"@type\":\"ImageObject\",\"inLanguage\":\"ca\",\"@id\":\"https:\/\/calbernadas.com\/ca\/#\/schema\/logo\/image\/\",\"url\":\"https:\/\/calbernadas.com\/wp-content\/uploads\/2017\/03\/logo_calbernadas2.png\",\"contentUrl\":\"https:\/\/calbernadas.com\/wp-content\/uploads\/2017\/03\/logo_calbernadas2.png\",\"width\":169,\"height\":156,\"caption\":\"Cal Bernad\u00e0s\"},\"image\":{\"@id\":\"https:\/\/calbernadas.com\/ca\/#\/schema\/logo\/image\/\"},\"sameAs\":[\"https:\/\/www.facebook.com\/calbernadas\",\"https:\/\/twitter.com\/calbernadas\",\"https:\/\/instagram.com\/calbernadas\/\",\"http:\/\/www.youtube.es\/calbernadas\"]},{\"@type\":\"Person\",\"@id\":\"https:\/\/calbernadas.com\/ca\/#\/schema\/person\/46093f07ff08bb892ace34b313f5c126\",\"name\":\"admin\",\"image\":{\"@type\":\"ImageObject\",\"inLanguage\":\"ca\",\"@id\":\"https:\/\/calbernadas.com\/ca\/#\/schema\/person\/image\/\",\"url\":\"https:\/\/secure.gravatar.com\/avatar\/aeeb8379a9b592e498740f09863f0d96?s=96&d=mm&r=g\",\"contentUrl\":\"https:\/\/secure.gravatar.com\/avatar\/aeeb8379a9b592e498740f09863f0d96?s=96&d=mm&r=g\",\"caption\":\"admin\"},\"url\":\"https:\/\/calbernadas.com\/ca\/blog\/author\/admin\/\"}]}<\/script>\n<!-- \/ Yoast SEO plugin. -->","yoast_head_json":{"title":"UN DIA ESPECIAL SENSE FLORS NO \u00c9S UN DIA ESPECIAL - Cal Bernad\u00e0s","robots":{"index":"index","follow":"follow","max-snippet":"max-snippet:-1","max-image-preview":"max-image-preview:large","max-video-preview":"max-video-preview:-1"},"canonical":"https:\/\/calbernadas.com\/ca\/blog\/dia-especial-sense-flors-no-dia-especial\/","og_locale":"ca_ES","og_type":"article","og_title":"UN DIA ESPECIAL SENSE FLORS NO \u00c9S UN DIA ESPECIAL - Cal Bernad\u00e0s","og_description":"[vc_row][vc_column][vc_column_text]Feia molt temps que tenia ganes de fer un post aix\u00ed, i quin millor dia que avui que \u00e9s el [&hellip;]","og_url":"https:\/\/calbernadas.com\/ca\/blog\/dia-especial-sense-flors-no-dia-especial\/","og_site_name":"Cal Bernad\u00e0s","article_publisher":"https:\/\/www.facebook.com\/calbernadas","article_published_time":"2017-04-21T17:38:36+00:00","article_modified_time":"2017-11-29T10:05:54+00:00","og_image":[{"width":4256,"height":2832,"url":"https:\/\/calbernadas.com\/wp-content\/uploads\/2017\/04\/410_160611_ElisaMauri_20562A.jpg","type":"image\/jpeg"}],"author":"admin","twitter_card":"summary_large_image","twitter_creator":"@calbernadas","twitter_site":"@calbernadas","twitter_misc":{"Escrit per":"admin","Temps estimat de lectura":"1 minut"},"schema":{"@context":"https:\/\/schema.org","@graph":[{"@type":"Article","@id":"https:\/\/calbernadas.com\/ca\/blog\/dia-especial-sense-flors-no-dia-especial\/#article","isPartOf":{"@id":"https:\/\/calbernadas.com\/ca\/blog\/dia-especial-sense-flors-no-dia-especial\/"},"author":{"name":"admin","@id":"https:\/\/calbernadas.com\/ca\/#\/schema\/person\/46093f07ff08bb892ace34b313f5c126"},"headline":"UN DIA ESPECIAL SENSE FLORS NO \u00c9S UN DIA ESPECIAL","datePublished":"2017-04-21T17:38:36+00:00","dateModified":"2017-11-29T10:05:54+00:00","mainEntityOfPage":{"@id":"https:\/\/calbernadas.com\/ca\/blog\/dia-especial-sense-flors-no-dia-especial\/"},"wordCount":248,"commentCount":0,"publisher":{"@id":"https:\/\/calbernadas.com\/ca\/#organization"},"keywords":["barcelonawedding","boda","bodarural","bouquet","dailyromantic","destinationwedding","flors","rural","ruralwedding","santjordi","venueforwedding","wedding"],"articleSection":["Celebracions","Celebracions_el Munt","Celebracions_la Cabana","Rural packs","Rural&amp;DailyRomantic"],"inLanguage":"ca"},{"@type":"WebPage","@id":"https:\/\/calbernadas.com\/ca\/blog\/dia-especial-sense-flors-no-dia-especial\/","url":"https:\/\/calbernadas.com\/ca\/blog\/dia-especial-sense-flors-no-dia-especial\/","name":"UN DIA ESPECIAL SENSE FLORS NO \u00c9S UN DIA ESPECIAL - Cal Bernad\u00e0s","isPartOf":{"@id":"https:\/\/calbernadas.com\/ca\/#website"},"datePublished":"2017-04-21T17:38:36+00:00","dateModified":"2017-11-29T10:05:54+00:00","breadcrumb":{"@id":"https:\/\/calbernadas.com\/ca\/blog\/dia-especial-sense-flors-no-dia-especial\/#breadcrumb"},"inLanguage":"ca","potentialAction":[{"@type":"ReadAction","target":["https:\/\/calbernadas.com\/ca\/blog\/dia-especial-sense-flors-no-dia-especial\/"]}]},{"@type":"BreadcrumbList","@id":"https:\/\/calbernadas.com\/ca\/blog\/dia-especial-sense-flors-no-dia-especial\/#breadcrumb","itemListElement":[{"@type":"ListItem","position":1,"name":"Portada","item":"https:\/\/calbernadas.com\/ca\/"},{"@type":"ListItem","position":2,"name":"UN DIA ESPECIAL SENSE FLORS NO \u00c9S UN DIA ESPECIAL"}]},{"@type":"WebSite","@id":"https:\/\/calbernadas.com\/ca\/#website","url":"https:\/\/calbernadas.com\/ca\/","name":"Cal Bernad\u00e0s","description":"Turisme rural","publisher":{"@id":"https:\/\/calbernadas.com\/ca\/#organization"},"potentialAction":[{"@type":"SearchAction","target":{"@type":"EntryPoint","urlTemplate":"https:\/\/calbernadas.com\/ca\/?s={search_term_string}"},"query-input":"required name=search_term_string"}],"inLanguage":"ca"},{"@type":"Organization","@id":"https:\/\/calbernadas.com\/ca\/#organization","name":"Cal Bernad\u00e0s","url":"https:\/\/calbernadas.com\/ca\/","logo":{"@type":"ImageObject","inLanguage":"ca","@id":"https:\/\/calbernadas.com\/ca\/#\/schema\/logo\/image\/","url":"https:\/\/calbernadas.com\/wp-content\/uploads\/2017\/03\/logo_calbernadas2.png","contentUrl":"https:\/\/calbernadas.com\/wp-content\/uploads\/2017\/03\/logo_calbernadas2.png","width":169,"height":156,"caption":"Cal Bernad\u00e0s"},"image":{"@id":"https:\/\/calbernadas.com\/ca\/#\/schema\/logo\/image\/"},"sameAs":["https:\/\/www.facebook.com\/calbernadas","https:\/\/twitter.com\/calbernadas","https:\/\/instagram.com\/calbernadas\/","http:\/\/www.youtube.es\/calbernadas"]},{"@type":"Person","@id":"https:\/\/calbernadas.com\/ca\/#\/schema\/person\/46093f07ff08bb892ace34b313f5c126","name":"admin","image":{"@type":"ImageObject","inLanguage":"ca","@id":"https:\/\/calbernadas.com\/ca\/#\/schema\/person\/image\/","url":"https:\/\/secure.gravatar.com\/avatar\/aeeb8379a9b592e498740f09863f0d96?s=96&d=mm&r=g","contentUrl":"https:\/\/secure.gravatar.com\/avatar\/aeeb8379a9b592e498740f09863f0d96?s=96&d=mm&r=g","caption":"admin"},"url":"https:\/\/calbernadas.com\/ca\/blog\/author\/admin\/"}]}},"_links":{"self":[{"href":"https:\/\/calbernadas.com\/ca\/wp-json\/wp\/v2\/posts\/18345"}],"collection":[{"href":"https:\/\/calbernadas.com\/ca\/wp-json\/wp\/v2\/posts"}],"about":[{"href":"https:\/\/calbernadas.com\/ca\/wp-json\/wp\/v2\/types\/post"}],"author":[{"embeddable":true,"href":"https:\/\/calbernadas.com\/ca\/wp-json\/wp\/v2\/users\/1"}],"replies":[{"embeddable":true,"href":"https:\/\/calbernadas.com\/ca\/wp-json\/wp\/v2\/comments?post=18345"}],"version-history":[{"count":10,"href":"https:\/\/calbernadas.com\/ca\/wp-json\/wp\/v2\/posts\/18345\/revisions"}],"predecessor-version":[{"id":18658,"href":"https:\/\/calbernadas.com\/ca\/wp-json\/wp\/v2\/posts\/18345\/revisions\/18658"}],"wp:featuredmedia":[{"embeddable":true,"href":"https:\/\/calbernadas.com\/ca\/wp-json\/wp\/v2\/media\/18358"}],"wp:attachment":[{"href":"https:\/\/calbernadas.com\/ca\/wp-json\/wp\/v2\/media?parent=18345"}],"wp:term":[{"taxonomy":"category","embeddable":true,"href":"https:\/\/calbernadas.com\/ca\/wp-json\/wp\/v2\/categories?post=18345"},{"taxonomy":"post_tag","embeddable":true,"href":"https:\/\/calbernadas.com\/ca\/wp-json\/wp\/v2\/tags?post=18345"}],"curies":[{"name":"wp","href":"https:\/\/api.w.org\/{rel}","templated":true}]}}