{"id":17207,"date":"2015-09-20T16:27:51","date_gmt":"2015-09-20T15:27:51","guid":{"rendered":"https:\/\/calbernadas.com\/ca\/?p=17207"},"modified":"2017-06-16T09:40:19","modified_gmt":"2017-06-16T08:40:19","slug":"audreyjohn-happy-1st-year-2","status":"publish","type":"post","link":"https:\/\/calbernadas.com\/ca\/blog\/audreyjohn-happy-1st-year-2\/","title":{"rendered":"AUDREY&#038;JOHN. HAPPY 1ST YEAR!"},"content":{"rendered":"<p>[vc_row][vc_column][vc_custom_heading text=&#8221;Happy 1st Year!&#8221;][\/vc_column][\/vc_row][vc_row][vc_column][vc_column_text]L\u2019Audrey, francesa, de la ciutat de Potiers; el John, canadenc, de Calgari.<\/p>\n<p>Es van con\u00e8ixer a Jap\u00f3 fa vuit anys en un intercanvi universitari i actualment viuen a Singapur. I per acabar-ho d\u2019embolicar, es van casar fa un any a casa nostra, a <a href=\"https:\/\/calbernadas.com\/ca\/celebracions\/el-munt\/\">El Munt<\/a>, a Barcelona!<\/p>\n<p>De pel\u00b7l\u00edcula, oi? Doncs el casament no va ser menys!<\/p>\n<p>Segons paraules textuals de la parella, van escollir el Munt per la seva localitzaci\u00f3 i pel seu encant r\u00fastic combinat amb una decoraci\u00f3 elegant i amb tocs moderns. Doncs si \u00e9s aix\u00ed com veuen el Munt, no puc dir res m\u00e9s que content\u00edssima que aix\u00ed vegin casa nostra i, per altra banda, que la seva boda va ser tamb\u00e9 exactament aix\u00ed: en un entorn r\u00fastic per\u00f2 amb una decoraci\u00f3 elegant i moderna.<\/p>\n<p>Vaja, que van trobar la conjunci\u00f3 perfecte, no?[\/vc_column_text][\/vc_column][\/vc_row][vc_row][vc_column][vc_gallery type=&#8221;image_grid&#8221; images=&#8221;17211,17220,17217,17212,17221,17213,17222,17214,17215,17216,17223,17218,17224,17219,17225,17226,17227,17228,17229,17210,17230,17231,17232&#8243; img_size=&#8221;full&#8221;][\/vc_column][\/vc_row][vc_row][vc_column][vc_column_text]<\/p>\n<p style=\"text-align: center;\">Masia <a href=\"https:\/\/calbernadas.com\/ca\/celebracions\/el-munt\/\">El Munt. Cal Bernad\u00e0s<\/a>.<\/p>\n<p style=\"text-align: center;\">C\u00e0tering: <a href=\"http:\/\/www.cateringcalblay.com\/\">Cal Blay<\/a><\/p>\n<p style=\"text-align: center;\">M\u00fasica: <a href=\"http:\/\/www.avsoluciones.com\/index-es.html\">AV Soluciones<\/a><\/p>\n<p>[\/vc_column_text][vc_empty_space height=&#8221;80px&#8221;][\/vc_column][\/vc_row][vc_row][vc_column][vc_separator][\/vc_column][\/vc_row]<\/p>\n","protected":false},"excerpt":{"rendered":"<p>[vc_row][vc_column][vc_custom_heading text=&#8221;Happy 1st Year!&#8221;][\/vc_column][\/vc_row][vc_row][vc_column][vc_column_text]L\u2019Audrey, francesa, de la ciutat de Potiers; el John, canadenc, de Calgari. Es van con\u00e8ixer a Jap\u00f3 [&hellip;]<\/p>\n","protected":false},"author":1,"featured_media":17222,"comment_status":"open","ping_status":"open","sticky":false,"template":"","format":"standard","meta":{"footnotes":""},"categories":[3,206],"tags":[],"yoast_head":"<!-- This site is optimized with the Yoast SEO plugin v21.5 - https:\/\/yoast.com\/wordpress\/plugins\/seo\/ -->\n<title>AUDREY&amp;JOHN. HAPPY 1ST YEAR! - Cal Bernad\u00e0s<\/title>\n<meta name=\"robots\" content=\"index, follow, max-snippet:-1, max-image-preview:large, max-video-preview:-1\" \/>\n<link rel=\"canonical\" href=\"https:\/\/calbernadas.com\/ca\/blog\/audreyjohn-happy-1st-year-2\/\" \/>\n<meta property=\"og:locale\" content=\"ca_ES\" \/>\n<meta property=\"og:type\" content=\"article\" \/>\n<meta property=\"og:title\" content=\"AUDREY&amp;JOHN. HAPPY 1ST YEAR! - Cal Bernad\u00e0s\" \/>\n<meta property=\"og:description\" content=\"[vc_row][vc_column][vc_custom_heading text=&#8221;Happy 1st Year!&#8221;][\/vc_column][\/vc_row][vc_row][vc_column][vc_column_text]L\u2019Audrey, francesa, de la ciutat de Potiers; el John, canadenc, de Calgari. Es van con\u00e8ixer a Jap\u00f3 [&hellip;]\" \/>\n<meta property=\"og:url\" content=\"https:\/\/calbernadas.com\/ca\/blog\/audreyjohn-happy-1st-year-2\/\" \/>\n<meta property=\"og:site_name\" content=\"Cal Bernad\u00e0s\" \/>\n<meta property=\"article:publisher\" content=\"https:\/\/www.facebook.com\/calbernadas\" \/>\n<meta property=\"article:published_time\" content=\"2015-09-20T15:27:51+00:00\" \/>\n<meta property=\"article:modified_time\" content=\"2017-06-16T08:40:19+00:00\" \/>\n<meta property=\"og:image\" content=\"https:\/\/calbernadas.com\/wp-content\/uploads\/2017\/03\/Casament_AudreyJohn_El-Munt-13.jpg\" \/>\n\t<meta property=\"og:image:width\" content=\"993\" \/>\n\t<meta property=\"og:image:height\" content=\"662\" \/>\n\t<meta property=\"og:image:type\" content=\"image\/jpeg\" \/>\n<meta name=\"author\" content=\"admin\" \/>\n<meta name=\"twitter:card\" content=\"summary_large_image\" \/>\n<meta name=\"twitter:creator\" content=\"@calbernadas\" \/>\n<meta name=\"twitter:site\" content=\"@calbernadas\" \/>\n<meta name=\"twitter:label1\" content=\"Escrit per\" \/>\n\t<meta name=\"twitter:data1\" content=\"admin\" \/>\n\t<meta name=\"twitter:label2\" content=\"Temps estimat de lectura\" \/>\n\t<meta name=\"twitter:data2\" content=\"1 minut\" \/>\n<script type=\"application\/ld+json\" class=\"yoast-schema-graph\">{\"@context\":\"https:\/\/schema.org\",\"@graph\":[{\"@type\":\"Article\",\"@id\":\"https:\/\/calbernadas.com\/ca\/blog\/audreyjohn-happy-1st-year-2\/#article\",\"isPartOf\":{\"@id\":\"https:\/\/calbernadas.com\/ca\/blog\/audreyjohn-happy-1st-year-2\/\"},\"author\":{\"name\":\"admin\",\"@id\":\"https:\/\/calbernadas.com\/ca\/#\/schema\/person\/46093f07ff08bb892ace34b313f5c126\"},\"headline\":\"AUDREY&#038;JOHN. HAPPY 1ST YEAR!\",\"datePublished\":\"2015-09-20T15:27:51+00:00\",\"dateModified\":\"2017-06-16T08:40:19+00:00\",\"mainEntityOfPage\":{\"@id\":\"https:\/\/calbernadas.com\/ca\/blog\/audreyjohn-happy-1st-year-2\/\"},\"wordCount\":240,\"commentCount\":0,\"publisher\":{\"@id\":\"https:\/\/calbernadas.com\/ca\/#organization\"},\"articleSection\":[\"Celebracions\",\"Celebracions_el Munt\"],\"inLanguage\":\"ca\"},{\"@type\":\"WebPage\",\"@id\":\"https:\/\/calbernadas.com\/ca\/blog\/audreyjohn-happy-1st-year-2\/\",\"url\":\"https:\/\/calbernadas.com\/ca\/blog\/audreyjohn-happy-1st-year-2\/\",\"name\":\"AUDREY&JOHN. HAPPY 1ST YEAR! - Cal Bernad\u00e0s\",\"isPartOf\":{\"@id\":\"https:\/\/calbernadas.com\/ca\/#website\"},\"datePublished\":\"2015-09-20T15:27:51+00:00\",\"dateModified\":\"2017-06-16T08:40:19+00:00\",\"breadcrumb\":{\"@id\":\"https:\/\/calbernadas.com\/ca\/blog\/audreyjohn-happy-1st-year-2\/#breadcrumb\"},\"inLanguage\":\"ca\",\"potentialAction\":[{\"@type\":\"ReadAction\",\"target\":[\"https:\/\/calbernadas.com\/ca\/blog\/audreyjohn-happy-1st-year-2\/\"]}]},{\"@type\":\"BreadcrumbList\",\"@id\":\"https:\/\/calbernadas.com\/ca\/blog\/audreyjohn-happy-1st-year-2\/#breadcrumb\",\"itemListElement\":[{\"@type\":\"ListItem\",\"position\":1,\"name\":\"Portada\",\"item\":\"https:\/\/calbernadas.com\/ca\/\"},{\"@type\":\"ListItem\",\"position\":2,\"name\":\"AUDREY&#038;JOHN. HAPPY 1ST YEAR!\"}]},{\"@type\":\"WebSite\",\"@id\":\"https:\/\/calbernadas.com\/ca\/#website\",\"url\":\"https:\/\/calbernadas.com\/ca\/\",\"name\":\"Cal Bernad\u00e0s\",\"description\":\"Turisme rural\",\"publisher\":{\"@id\":\"https:\/\/calbernadas.com\/ca\/#organization\"},\"potentialAction\":[{\"@type\":\"SearchAction\",\"target\":{\"@type\":\"EntryPoint\",\"urlTemplate\":\"https:\/\/calbernadas.com\/ca\/?s={search_term_string}\"},\"query-input\":\"required name=search_term_string\"}],\"inLanguage\":\"ca\"},{\"@type\":\"Organization\",\"@id\":\"https:\/\/calbernadas.com\/ca\/#organization\",\"name\":\"Cal Bernad\u00e0s\",\"url\":\"https:\/\/calbernadas.com\/ca\/\",\"logo\":{\"@type\":\"ImageObject\",\"inLanguage\":\"ca\",\"@id\":\"https:\/\/calbernadas.com\/ca\/#\/schema\/logo\/image\/\",\"url\":\"https:\/\/calbernadas.com\/wp-content\/uploads\/2017\/03\/logo_calbernadas2.png\",\"contentUrl\":\"https:\/\/calbernadas.com\/wp-content\/uploads\/2017\/03\/logo_calbernadas2.png\",\"width\":169,\"height\":156,\"caption\":\"Cal Bernad\u00e0s\"},\"image\":{\"@id\":\"https:\/\/calbernadas.com\/ca\/#\/schema\/logo\/image\/\"},\"sameAs\":[\"https:\/\/www.facebook.com\/calbernadas\",\"https:\/\/twitter.com\/calbernadas\",\"https:\/\/instagram.com\/calbernadas\/\",\"http:\/\/www.youtube.es\/calbernadas\"]},{\"@type\":\"Person\",\"@id\":\"https:\/\/calbernadas.com\/ca\/#\/schema\/person\/46093f07ff08bb892ace34b313f5c126\",\"name\":\"admin\",\"image\":{\"@type\":\"ImageObject\",\"inLanguage\":\"ca\",\"@id\":\"https:\/\/calbernadas.com\/ca\/#\/schema\/person\/image\/\",\"url\":\"https:\/\/secure.gravatar.com\/avatar\/aeeb8379a9b592e498740f09863f0d96?s=96&d=mm&r=g\",\"contentUrl\":\"https:\/\/secure.gravatar.com\/avatar\/aeeb8379a9b592e498740f09863f0d96?s=96&d=mm&r=g\",\"caption\":\"admin\"},\"url\":\"https:\/\/calbernadas.com\/ca\/blog\/author\/admin\/\"}]}<\/script>\n<!-- \/ Yoast SEO plugin. -->","yoast_head_json":{"title":"AUDREY&JOHN. HAPPY 1ST YEAR! - Cal Bernad\u00e0s","robots":{"index":"index","follow":"follow","max-snippet":"max-snippet:-1","max-image-preview":"max-image-preview:large","max-video-preview":"max-video-preview:-1"},"canonical":"https:\/\/calbernadas.com\/ca\/blog\/audreyjohn-happy-1st-year-2\/","og_locale":"ca_ES","og_type":"article","og_title":"AUDREY&JOHN. HAPPY 1ST YEAR! - Cal Bernad\u00e0s","og_description":"[vc_row][vc_column][vc_custom_heading text=&#8221;Happy 1st Year!&#8221;][\/vc_column][\/vc_row][vc_row][vc_column][vc_column_text]L\u2019Audrey, francesa, de la ciutat de Potiers; el John, canadenc, de Calgari. Es van con\u00e8ixer a Jap\u00f3 [&hellip;]","og_url":"https:\/\/calbernadas.com\/ca\/blog\/audreyjohn-happy-1st-year-2\/","og_site_name":"Cal Bernad\u00e0s","article_publisher":"https:\/\/www.facebook.com\/calbernadas","article_published_time":"2015-09-20T15:27:51+00:00","article_modified_time":"2017-06-16T08:40:19+00:00","og_image":[{"width":993,"height":662,"url":"https:\/\/calbernadas.com\/wp-content\/uploads\/2017\/03\/Casament_AudreyJohn_El-Munt-13.jpg","type":"image\/jpeg"}],"author":"admin","twitter_card":"summary_large_image","twitter_creator":"@calbernadas","twitter_site":"@calbernadas","twitter_misc":{"Escrit per":"admin","Temps estimat de lectura":"1 minut"},"schema":{"@context":"https:\/\/schema.org","@graph":[{"@type":"Article","@id":"https:\/\/calbernadas.com\/ca\/blog\/audreyjohn-happy-1st-year-2\/#article","isPartOf":{"@id":"https:\/\/calbernadas.com\/ca\/blog\/audreyjohn-happy-1st-year-2\/"},"author":{"name":"admin","@id":"https:\/\/calbernadas.com\/ca\/#\/schema\/person\/46093f07ff08bb892ace34b313f5c126"},"headline":"AUDREY&#038;JOHN. HAPPY 1ST YEAR!","datePublished":"2015-09-20T15:27:51+00:00","dateModified":"2017-06-16T08:40:19+00:00","mainEntityOfPage":{"@id":"https:\/\/calbernadas.com\/ca\/blog\/audreyjohn-happy-1st-year-2\/"},"wordCount":240,"commentCount":0,"publisher":{"@id":"https:\/\/calbernadas.com\/ca\/#organization"},"articleSection":["Celebracions","Celebracions_el Munt"],"inLanguage":"ca"},{"@type":"WebPage","@id":"https:\/\/calbernadas.com\/ca\/blog\/audreyjohn-happy-1st-year-2\/","url":"https:\/\/calbernadas.com\/ca\/blog\/audreyjohn-happy-1st-year-2\/","name":"AUDREY&JOHN. HAPPY 1ST YEAR! - Cal Bernad\u00e0s","isPartOf":{"@id":"https:\/\/calbernadas.com\/ca\/#website"},"datePublished":"2015-09-20T15:27:51+00:00","dateModified":"2017-06-16T08:40:19+00:00","breadcrumb":{"@id":"https:\/\/calbernadas.com\/ca\/blog\/audreyjohn-happy-1st-year-2\/#breadcrumb"},"inLanguage":"ca","potentialAction":[{"@type":"ReadAction","target":["https:\/\/calbernadas.com\/ca\/blog\/audreyjohn-happy-1st-year-2\/"]}]},{"@type":"BreadcrumbList","@id":"https:\/\/calbernadas.com\/ca\/blog\/audreyjohn-happy-1st-year-2\/#breadcrumb","itemListElement":[{"@type":"ListItem","position":1,"name":"Portada","item":"https:\/\/calbernadas.com\/ca\/"},{"@type":"ListItem","position":2,"name":"AUDREY&#038;JOHN. HAPPY 1ST YEAR!"}]},{"@type":"WebSite","@id":"https:\/\/calbernadas.com\/ca\/#website","url":"https:\/\/calbernadas.com\/ca\/","name":"Cal Bernad\u00e0s","description":"Turisme rural","publisher":{"@id":"https:\/\/calbernadas.com\/ca\/#organization"},"potentialAction":[{"@type":"SearchAction","target":{"@type":"EntryPoint","urlTemplate":"https:\/\/calbernadas.com\/ca\/?s={search_term_string}"},"query-input":"required name=search_term_string"}],"inLanguage":"ca"},{"@type":"Organization","@id":"https:\/\/calbernadas.com\/ca\/#organization","name":"Cal Bernad\u00e0s","url":"https:\/\/calbernadas.com\/ca\/","logo":{"@type":"ImageObject","inLanguage":"ca","@id":"https:\/\/calbernadas.com\/ca\/#\/schema\/logo\/image\/","url":"https:\/\/calbernadas.com\/wp-content\/uploads\/2017\/03\/logo_calbernadas2.png","contentUrl":"https:\/\/calbernadas.com\/wp-content\/uploads\/2017\/03\/logo_calbernadas2.png","width":169,"height":156,"caption":"Cal Bernad\u00e0s"},"image":{"@id":"https:\/\/calbernadas.com\/ca\/#\/schema\/logo\/image\/"},"sameAs":["https:\/\/www.facebook.com\/calbernadas","https:\/\/twitter.com\/calbernadas","https:\/\/instagram.com\/calbernadas\/","http:\/\/www.youtube.es\/calbernadas"]},{"@type":"Person","@id":"https:\/\/calbernadas.com\/ca\/#\/schema\/person\/46093f07ff08bb892ace34b313f5c126","name":"admin","image":{"@type":"ImageObject","inLanguage":"ca","@id":"https:\/\/calbernadas.com\/ca\/#\/schema\/person\/image\/","url":"https:\/\/secure.gravatar.com\/avatar\/aeeb8379a9b592e498740f09863f0d96?s=96&d=mm&r=g","contentUrl":"https:\/\/secure.gravatar.com\/avatar\/aeeb8379a9b592e498740f09863f0d96?s=96&d=mm&r=g","caption":"admin"},"url":"https:\/\/calbernadas.com\/ca\/blog\/author\/admin\/"}]}},"_links":{"self":[{"href":"https:\/\/calbernadas.com\/ca\/wp-json\/wp\/v2\/posts\/17207"}],"collection":[{"href":"https:\/\/calbernadas.com\/ca\/wp-json\/wp\/v2\/posts"}],"about":[{"href":"https:\/\/calbernadas.com\/ca\/wp-json\/wp\/v2\/types\/post"}],"author":[{"embeddable":true,"href":"https:\/\/calbernadas.com\/ca\/wp-json\/wp\/v2\/users\/1"}],"replies":[{"embeddable":true,"href":"https:\/\/calbernadas.com\/ca\/wp-json\/wp\/v2\/comments?post=17207"}],"version-history":[{"count":4,"href":"https:\/\/calbernadas.com\/ca\/wp-json\/wp\/v2\/posts\/17207\/revisions"}],"predecessor-version":[{"id":18664,"href":"https:\/\/calbernadas.com\/ca\/wp-json\/wp\/v2\/posts\/17207\/revisions\/18664"}],"wp:featuredmedia":[{"embeddable":true,"href":"https:\/\/calbernadas.com\/ca\/wp-json\/wp\/v2\/media\/17222"}],"wp:attachment":[{"href":"https:\/\/calbernadas.com\/ca\/wp-json\/wp\/v2\/media?parent=17207"}],"wp:term":[{"taxonomy":"category","embeddable":true,"href":"https:\/\/calbernadas.com\/ca\/wp-json\/wp\/v2\/categories?post=17207"},{"taxonomy":"post_tag","embeddable":true,"href":"https:\/\/calbernadas.com\/ca\/wp-json\/wp\/v2\/tags?post=17207"}],"curies":[{"name":"wp","href":"https:\/\/api.w.org\/{rel}","templated":true}]}}