{"id":16635,"date":"2017-02-20T09:49:44","date_gmt":"2017-02-20T08:49:44","guid":{"rendered":"https:\/\/calbernadas.com\/ca\/?p=16635"},"modified":"2017-11-15T17:51:14","modified_gmt":"2017-11-15T16:51:14","slug":"judit-i-pep-la-cabana","status":"publish","type":"post","link":"https:\/\/calbernadas.com\/ca\/blog\/judit-i-pep-la-cabana\/","title":{"rendered":"PEP&#038;JUDIT. QUINA PARELLA TANT SIMPATIQU\u00cdSSIMA!"},"content":{"rendered":"<p>[vc_row][vc_column][vc_custom_heading text=&#8221;El Pep i la Judit es diuen el &#8220;Si&#8220; d&#8217;una forma molt natural&#8221; use_theme_fonts=&#8221;yes&#8221;][\/vc_column][\/vc_row][vc_row][vc_column][vc_column_text]Ja feia temps que ten\u00edem ganes d&#8217;ensenyar-vos aquestes imatges de la Judit i el Pep. Una parella fant\u00e0stica que va decidir dir-se el &#8220;SI&#8221; a casa nostra, a la casa rural <a href=\"https:\/\/calbernadas.com\/ca\/celebracions\/la-cabana\/\">la Cabana<\/a>. Per la Judit molt a prop de casa; pel Pep una mica m\u00e9s lluny ja que va decidir portar tota la seva fam\u00edlia i amics de Mallorca.<\/p>\n<p>La Judit i el Pep s\u00f3n una parella molt entranyable que va preparar el seu casament amb molta il\u00b7lusi\u00f3 des del principi.<\/p>\n<p>El Pep volia fer una sorpresa a la Judit, i va contractar un x\u00f2fer amb un cotxe antic que l&#8217;an\u00e9s a buscar a casa per portar-la fins enmig del bosc, on s&#8217;havien de dir el &#8220;si&#8221;. Si, si, enmig del bosc! Un nou espai que hav\u00edem arreglat just al costat de la Cabana, un bosquet amb alzines molt acollidor i ideal pels amants de la natura. El Pep i la Judit, el dia que van venir a con\u00e8ixer la casa de seguida van tenir clar que volien fer-hi la cerim\u00f2nia! I els va quedar preci\u00f3s!<\/p>\n<p>Acabada la cerim\u00f2nia, el jard\u00ed al voltant de la piscina estava espectacular amb las paradetes instal\u00b7lades pel c\u00e0tering Cal Blay, i les olors que se sentien van fer c\u00f3rrer tots els convidats, que en van gaudir molt i \u00a0sota un cel radiant.<\/p>\n<p>El dinar, tamb\u00e9 a l&#8217;exterior, a m\u00e9s d&#8217;exquisit va ser m\u00e9s que animat perqu\u00e8 els nuvis i els convidats no van parar mai de ballar. Quina marxa!<\/p>\n<p>I les ballaruques van seguir despr\u00e9s, a l&#8217;era de la casa, amb uns nuvis i uns convidats molt animats i disposats a passar-s&#8217;ho m\u00e9s que b\u00e9.<\/p>\n<p>El casament de la Judit i el Pep va ser fant\u00e0stic,\u00a0de fet, no podia anar d&#8217;una altra manera. El Pep i la Judit no van perdre mai el somriure i les ganes boges de passar-s&#8217;ho b\u00e9. Les dues fam\u00edlies eren\u00a0simp\u00e0tiques, animades i estaven felices d&#8217;estar celebrant el casament del Pep i la Judit. I els amics eren entregats, carinyosos i &#8230; quina marxa que portaven!<\/p>\n<p>Vaja, que un festassa com cal, de les grosses, grosses![\/vc_column_text][vc_separator color=&#8221;white&#8221; border_width=&#8221;6&#8243;][vc_separator color=&#8221;white&#8221; border_width=&#8221;6&#8243;][\/vc_column][\/vc_row][vc_row][vc_column][vc_gallery type=&#8221;image_grid&#8221; images=&#8221;16636,16637,16638,16639,16640,16641,16642,16643,16644,16645,16646,16647,16648,16649,16650,16651,16652,16653,16654,16655,16656&#8243; img_size=&#8221;full&#8221;][\/vc_column][\/vc_row][vc_row][vc_column][vc_column_text]<\/p>\n<p style=\"text-align: center;\">Casa rural <a href=\"https:\/\/calbernadas.com\/ca\/celebracions\/la-cabana\/\">La Cabana. Cal Bernad\u00e0s<\/a>.<\/p>\n<p style=\"text-align: center;\">C\u00e0tering: <a href=\"http:\/\/cateringcalblay.com\">Cal Blay<\/a><\/p>\n<p style=\"text-align: center;\">M\u00fasica, fotografia i v\u00eddeo: <a href=\"http:\/\/www.parentesisgrup.com\">Par\u00e8ntesis Grup<\/a><\/p>\n<p style=\"text-align: center;\">Decoraci\u00f3: <a href=\"http:\/\/curriu.com\">Curriu<\/a><\/p>\n<p>[\/vc_column_text][vc_empty_space height=&#8221;80px&#8221;][\/vc_column][\/vc_row][vc_row][vc_column][vc_separator][\/vc_column][\/vc_row]<\/p>\n","protected":false},"excerpt":{"rendered":"<p>[vc_row][vc_column][vc_custom_heading text=&#8221;El Pep i la Judit es diuen el &#8220;Si&#8220; d&#8217;una forma molt natural&#8221; use_theme_fonts=&#8221;yes&#8221;][\/vc_column][\/vc_row][vc_row][vc_column][vc_column_text]Ja feia temps que ten\u00edem ganes [&hellip;]<\/p>\n","protected":false},"author":1,"featured_media":16649,"comment_status":"open","ping_status":"open","sticky":false,"template":"","format":"standard","meta":{"footnotes":""},"categories":[3,209],"tags":[199,201,202,200,203,198,197],"yoast_head":"<!-- This site is optimized with the Yoast SEO plugin v21.5 - https:\/\/yoast.com\/wordpress\/plugins\/seo\/ -->\n<title>PEP&amp;JUDIT. QUINA PARELLA TANT SIMPATIQU\u00cdSSIMA! - Cal Bernad\u00e0s<\/title>\n<meta name=\"robots\" content=\"index, follow, max-snippet:-1, max-image-preview:large, max-video-preview:-1\" \/>\n<link rel=\"canonical\" href=\"https:\/\/calbernadas.com\/ca\/blog\/judit-i-pep-la-cabana\/\" \/>\n<meta property=\"og:locale\" content=\"ca_ES\" \/>\n<meta property=\"og:type\" content=\"article\" \/>\n<meta property=\"og:title\" content=\"PEP&amp;JUDIT. QUINA PARELLA TANT SIMPATIQU\u00cdSSIMA! - Cal Bernad\u00e0s\" \/>\n<meta property=\"og:description\" content=\"[vc_row][vc_column][vc_custom_heading text=&#8221;El Pep i la Judit es diuen el &#8220;Si&#8220; d&#8217;una forma molt natural&#8221; use_theme_fonts=&#8221;yes&#8221;][\/vc_column][\/vc_row][vc_row][vc_column][vc_column_text]Ja feia temps que ten\u00edem ganes [&hellip;]\" \/>\n<meta property=\"og:url\" content=\"https:\/\/calbernadas.com\/ca\/blog\/judit-i-pep-la-cabana\/\" \/>\n<meta property=\"og:site_name\" content=\"Cal Bernad\u00e0s\" \/>\n<meta property=\"article:publisher\" content=\"https:\/\/www.facebook.com\/calbernadas\" \/>\n<meta property=\"article:published_time\" content=\"2017-02-20T08:49:44+00:00\" \/>\n<meta property=\"article:modified_time\" content=\"2017-11-15T16:51:14+00:00\" \/>\n<meta property=\"og:image\" content=\"https:\/\/calbernadas.com\/wp-content\/uploads\/2017\/02\/14.-Pep-i-Judit.-Boda-La-Cabana.-Cal-Bernad\u00e0s.jpg\" \/>\n\t<meta property=\"og:image:width\" content=\"1500\" \/>\n\t<meta property=\"og:image:height\" content=\"1001\" \/>\n\t<meta property=\"og:image:type\" content=\"image\/jpeg\" \/>\n<meta name=\"author\" content=\"admin\" \/>\n<meta name=\"twitter:card\" content=\"summary_large_image\" \/>\n<meta name=\"twitter:creator\" content=\"@calbernadas\" \/>\n<meta name=\"twitter:site\" content=\"@calbernadas\" \/>\n<meta name=\"twitter:label1\" content=\"Escrit per\" \/>\n\t<meta name=\"twitter:data1\" content=\"admin\" \/>\n\t<meta name=\"twitter:label2\" content=\"Temps estimat de lectura\" \/>\n\t<meta name=\"twitter:data2\" content=\"2 minuts\" \/>\n<script type=\"application\/ld+json\" class=\"yoast-schema-graph\">{\"@context\":\"https:\/\/schema.org\",\"@graph\":[{\"@type\":\"Article\",\"@id\":\"https:\/\/calbernadas.com\/ca\/blog\/judit-i-pep-la-cabana\/#article\",\"isPartOf\":{\"@id\":\"https:\/\/calbernadas.com\/ca\/blog\/judit-i-pep-la-cabana\/\"},\"author\":{\"name\":\"admin\",\"@id\":\"https:\/\/calbernadas.com\/ca\/#\/schema\/person\/46093f07ff08bb892ace34b313f5c126\"},\"headline\":\"PEP&#038;JUDIT. QUINA PARELLA TANT SIMPATIQU\u00cdSSIMA!\",\"datePublished\":\"2017-02-20T08:49:44+00:00\",\"dateModified\":\"2017-11-15T16:51:14+00:00\",\"mainEntityOfPage\":{\"@id\":\"https:\/\/calbernadas.com\/ca\/blog\/judit-i-pep-la-cabana\/\"},\"wordCount\":501,\"commentCount\":0,\"publisher\":{\"@id\":\"https:\/\/calbernadas.com\/ca\/#organization\"},\"keywords\":[\"boda\",\"bodarural\",\"calbernadas\",\"casament\",\"momentsbernadas\",\"ruralwedding\",\"wedding\"],\"articleSection\":[\"Celebracions\",\"Celebracions_la Cabana\"],\"inLanguage\":\"ca\"},{\"@type\":\"WebPage\",\"@id\":\"https:\/\/calbernadas.com\/ca\/blog\/judit-i-pep-la-cabana\/\",\"url\":\"https:\/\/calbernadas.com\/ca\/blog\/judit-i-pep-la-cabana\/\",\"name\":\"PEP&JUDIT. QUINA PARELLA TANT SIMPATIQU\u00cdSSIMA! - Cal Bernad\u00e0s\",\"isPartOf\":{\"@id\":\"https:\/\/calbernadas.com\/ca\/#website\"},\"datePublished\":\"2017-02-20T08:49:44+00:00\",\"dateModified\":\"2017-11-15T16:51:14+00:00\",\"breadcrumb\":{\"@id\":\"https:\/\/calbernadas.com\/ca\/blog\/judit-i-pep-la-cabana\/#breadcrumb\"},\"inLanguage\":\"ca\",\"potentialAction\":[{\"@type\":\"ReadAction\",\"target\":[\"https:\/\/calbernadas.com\/ca\/blog\/judit-i-pep-la-cabana\/\"]}]},{\"@type\":\"BreadcrumbList\",\"@id\":\"https:\/\/calbernadas.com\/ca\/blog\/judit-i-pep-la-cabana\/#breadcrumb\",\"itemListElement\":[{\"@type\":\"ListItem\",\"position\":1,\"name\":\"Portada\",\"item\":\"https:\/\/calbernadas.com\/ca\/\"},{\"@type\":\"ListItem\",\"position\":2,\"name\":\"PEP&#038;JUDIT. QUINA PARELLA TANT SIMPATIQU\u00cdSSIMA!\"}]},{\"@type\":\"WebSite\",\"@id\":\"https:\/\/calbernadas.com\/ca\/#website\",\"url\":\"https:\/\/calbernadas.com\/ca\/\",\"name\":\"Cal Bernad\u00e0s\",\"description\":\"Turisme rural\",\"publisher\":{\"@id\":\"https:\/\/calbernadas.com\/ca\/#organization\"},\"potentialAction\":[{\"@type\":\"SearchAction\",\"target\":{\"@type\":\"EntryPoint\",\"urlTemplate\":\"https:\/\/calbernadas.com\/ca\/?s={search_term_string}\"},\"query-input\":\"required name=search_term_string\"}],\"inLanguage\":\"ca\"},{\"@type\":\"Organization\",\"@id\":\"https:\/\/calbernadas.com\/ca\/#organization\",\"name\":\"Cal Bernad\u00e0s\",\"url\":\"https:\/\/calbernadas.com\/ca\/\",\"logo\":{\"@type\":\"ImageObject\",\"inLanguage\":\"ca\",\"@id\":\"https:\/\/calbernadas.com\/ca\/#\/schema\/logo\/image\/\",\"url\":\"https:\/\/calbernadas.com\/wp-content\/uploads\/2017\/03\/logo_calbernadas2.png\",\"contentUrl\":\"https:\/\/calbernadas.com\/wp-content\/uploads\/2017\/03\/logo_calbernadas2.png\",\"width\":169,\"height\":156,\"caption\":\"Cal Bernad\u00e0s\"},\"image\":{\"@id\":\"https:\/\/calbernadas.com\/ca\/#\/schema\/logo\/image\/\"},\"sameAs\":[\"https:\/\/www.facebook.com\/calbernadas\",\"https:\/\/twitter.com\/calbernadas\",\"https:\/\/instagram.com\/calbernadas\/\",\"http:\/\/www.youtube.es\/calbernadas\"]},{\"@type\":\"Person\",\"@id\":\"https:\/\/calbernadas.com\/ca\/#\/schema\/person\/46093f07ff08bb892ace34b313f5c126\",\"name\":\"admin\",\"image\":{\"@type\":\"ImageObject\",\"inLanguage\":\"ca\",\"@id\":\"https:\/\/calbernadas.com\/ca\/#\/schema\/person\/image\/\",\"url\":\"https:\/\/secure.gravatar.com\/avatar\/aeeb8379a9b592e498740f09863f0d96?s=96&d=mm&r=g\",\"contentUrl\":\"https:\/\/secure.gravatar.com\/avatar\/aeeb8379a9b592e498740f09863f0d96?s=96&d=mm&r=g\",\"caption\":\"admin\"},\"url\":\"https:\/\/calbernadas.com\/ca\/blog\/author\/admin\/\"}]}<\/script>\n<!-- \/ Yoast SEO plugin. -->","yoast_head_json":{"title":"PEP&JUDIT. QUINA PARELLA TANT SIMPATIQU\u00cdSSIMA! - Cal Bernad\u00e0s","robots":{"index":"index","follow":"follow","max-snippet":"max-snippet:-1","max-image-preview":"max-image-preview:large","max-video-preview":"max-video-preview:-1"},"canonical":"https:\/\/calbernadas.com\/ca\/blog\/judit-i-pep-la-cabana\/","og_locale":"ca_ES","og_type":"article","og_title":"PEP&JUDIT. QUINA PARELLA TANT SIMPATIQU\u00cdSSIMA! - Cal Bernad\u00e0s","og_description":"[vc_row][vc_column][vc_custom_heading text=&#8221;El Pep i la Judit es diuen el &#8220;Si&#8220; d&#8217;una forma molt natural&#8221; use_theme_fonts=&#8221;yes&#8221;][\/vc_column][\/vc_row][vc_row][vc_column][vc_column_text]Ja feia temps que ten\u00edem ganes [&hellip;]","og_url":"https:\/\/calbernadas.com\/ca\/blog\/judit-i-pep-la-cabana\/","og_site_name":"Cal Bernad\u00e0s","article_publisher":"https:\/\/www.facebook.com\/calbernadas","article_published_time":"2017-02-20T08:49:44+00:00","article_modified_time":"2017-11-15T16:51:14+00:00","og_image":[{"width":1500,"height":1001,"url":"https:\/\/calbernadas.com\/wp-content\/uploads\/2017\/02\/14.-Pep-i-Judit.-Boda-La-Cabana.-Cal-Bernad\u00e0s.jpg","type":"image\/jpeg"}],"author":"admin","twitter_card":"summary_large_image","twitter_creator":"@calbernadas","twitter_site":"@calbernadas","twitter_misc":{"Escrit per":"admin","Temps estimat de lectura":"2 minuts"},"schema":{"@context":"https:\/\/schema.org","@graph":[{"@type":"Article","@id":"https:\/\/calbernadas.com\/ca\/blog\/judit-i-pep-la-cabana\/#article","isPartOf":{"@id":"https:\/\/calbernadas.com\/ca\/blog\/judit-i-pep-la-cabana\/"},"author":{"name":"admin","@id":"https:\/\/calbernadas.com\/ca\/#\/schema\/person\/46093f07ff08bb892ace34b313f5c126"},"headline":"PEP&#038;JUDIT. QUINA PARELLA TANT SIMPATIQU\u00cdSSIMA!","datePublished":"2017-02-20T08:49:44+00:00","dateModified":"2017-11-15T16:51:14+00:00","mainEntityOfPage":{"@id":"https:\/\/calbernadas.com\/ca\/blog\/judit-i-pep-la-cabana\/"},"wordCount":501,"commentCount":0,"publisher":{"@id":"https:\/\/calbernadas.com\/ca\/#organization"},"keywords":["boda","bodarural","calbernadas","casament","momentsbernadas","ruralwedding","wedding"],"articleSection":["Celebracions","Celebracions_la Cabana"],"inLanguage":"ca"},{"@type":"WebPage","@id":"https:\/\/calbernadas.com\/ca\/blog\/judit-i-pep-la-cabana\/","url":"https:\/\/calbernadas.com\/ca\/blog\/judit-i-pep-la-cabana\/","name":"PEP&JUDIT. QUINA PARELLA TANT SIMPATIQU\u00cdSSIMA! - Cal Bernad\u00e0s","isPartOf":{"@id":"https:\/\/calbernadas.com\/ca\/#website"},"datePublished":"2017-02-20T08:49:44+00:00","dateModified":"2017-11-15T16:51:14+00:00","breadcrumb":{"@id":"https:\/\/calbernadas.com\/ca\/blog\/judit-i-pep-la-cabana\/#breadcrumb"},"inLanguage":"ca","potentialAction":[{"@type":"ReadAction","target":["https:\/\/calbernadas.com\/ca\/blog\/judit-i-pep-la-cabana\/"]}]},{"@type":"BreadcrumbList","@id":"https:\/\/calbernadas.com\/ca\/blog\/judit-i-pep-la-cabana\/#breadcrumb","itemListElement":[{"@type":"ListItem","position":1,"name":"Portada","item":"https:\/\/calbernadas.com\/ca\/"},{"@type":"ListItem","position":2,"name":"PEP&#038;JUDIT. QUINA PARELLA TANT SIMPATIQU\u00cdSSIMA!"}]},{"@type":"WebSite","@id":"https:\/\/calbernadas.com\/ca\/#website","url":"https:\/\/calbernadas.com\/ca\/","name":"Cal Bernad\u00e0s","description":"Turisme rural","publisher":{"@id":"https:\/\/calbernadas.com\/ca\/#organization"},"potentialAction":[{"@type":"SearchAction","target":{"@type":"EntryPoint","urlTemplate":"https:\/\/calbernadas.com\/ca\/?s={search_term_string}"},"query-input":"required name=search_term_string"}],"inLanguage":"ca"},{"@type":"Organization","@id":"https:\/\/calbernadas.com\/ca\/#organization","name":"Cal Bernad\u00e0s","url":"https:\/\/calbernadas.com\/ca\/","logo":{"@type":"ImageObject","inLanguage":"ca","@id":"https:\/\/calbernadas.com\/ca\/#\/schema\/logo\/image\/","url":"https:\/\/calbernadas.com\/wp-content\/uploads\/2017\/03\/logo_calbernadas2.png","contentUrl":"https:\/\/calbernadas.com\/wp-content\/uploads\/2017\/03\/logo_calbernadas2.png","width":169,"height":156,"caption":"Cal Bernad\u00e0s"},"image":{"@id":"https:\/\/calbernadas.com\/ca\/#\/schema\/logo\/image\/"},"sameAs":["https:\/\/www.facebook.com\/calbernadas","https:\/\/twitter.com\/calbernadas","https:\/\/instagram.com\/calbernadas\/","http:\/\/www.youtube.es\/calbernadas"]},{"@type":"Person","@id":"https:\/\/calbernadas.com\/ca\/#\/schema\/person\/46093f07ff08bb892ace34b313f5c126","name":"admin","image":{"@type":"ImageObject","inLanguage":"ca","@id":"https:\/\/calbernadas.com\/ca\/#\/schema\/person\/image\/","url":"https:\/\/secure.gravatar.com\/avatar\/aeeb8379a9b592e498740f09863f0d96?s=96&d=mm&r=g","contentUrl":"https:\/\/secure.gravatar.com\/avatar\/aeeb8379a9b592e498740f09863f0d96?s=96&d=mm&r=g","caption":"admin"},"url":"https:\/\/calbernadas.com\/ca\/blog\/author\/admin\/"}]}},"_links":{"self":[{"href":"https:\/\/calbernadas.com\/ca\/wp-json\/wp\/v2\/posts\/16635"}],"collection":[{"href":"https:\/\/calbernadas.com\/ca\/wp-json\/wp\/v2\/posts"}],"about":[{"href":"https:\/\/calbernadas.com\/ca\/wp-json\/wp\/v2\/types\/post"}],"author":[{"embeddable":true,"href":"https:\/\/calbernadas.com\/ca\/wp-json\/wp\/v2\/users\/1"}],"replies":[{"embeddable":true,"href":"https:\/\/calbernadas.com\/ca\/wp-json\/wp\/v2\/comments?post=16635"}],"version-history":[{"count":8,"href":"https:\/\/calbernadas.com\/ca\/wp-json\/wp\/v2\/posts\/16635\/revisions"}],"predecessor-version":[{"id":19415,"href":"https:\/\/calbernadas.com\/ca\/wp-json\/wp\/v2\/posts\/16635\/revisions\/19415"}],"wp:featuredmedia":[{"embeddable":true,"href":"https:\/\/calbernadas.com\/ca\/wp-json\/wp\/v2\/media\/16649"}],"wp:attachment":[{"href":"https:\/\/calbernadas.com\/ca\/wp-json\/wp\/v2\/media?parent=16635"}],"wp:term":[{"taxonomy":"category","embeddable":true,"href":"https:\/\/calbernadas.com\/ca\/wp-json\/wp\/v2\/categories?post=16635"},{"taxonomy":"post_tag","embeddable":true,"href":"https:\/\/calbernadas.com\/ca\/wp-json\/wp\/v2\/tags?post=16635"}],"curies":[{"name":"wp","href":"https:\/\/api.w.org\/{rel}","templated":true}]}}