{"id":12245,"date":"2014-03-25T03:52:32","date_gmt":"2014-03-25T02:52:32","guid":{"rendered":"https:\/\/calbernadas.com\/?p=12245"},"modified":"2017-08-21T16:05:28","modified_gmt":"2017-08-21T15:05:28","slug":"gracies-marc-i-mireia","status":"publish","type":"post","link":"https:\/\/calbernadas.com\/ca\/blog\/gracies-marc-i-mireia\/","title":{"rendered":"GR\u00c0CIES MARC I MIREIA!"},"content":{"rendered":"<p>[vc_row][vc_column][vc_column_text]<\/p>\n<p style=\"text-align: justify;\">Ja fa uns quants dies que v\u00e0rem assistir a la Fira Nuvis a Sabadell per tal de donar a con\u00e8ixer una mica m\u00e9s la casa El Munt i, a m\u00e9s de passar-nos-ho molt b\u00e9, v\u00e0rem organitzar un sorteig en el qual totes les parelles que venien a con\u00e8ixer-nos al nostre stand podien participar en una sorteig per a una nit a El Munt amb sopar incl\u00f2s.<\/p>\n<p style=\"text-align: justify;\"><!--more-->D\u2019entre tots els participants, els guanyadors van ser la Mireia i el Marc, una parella molt maca! Tot s\u2019ha de dir, que va ser una mica complicat \u201cquadrar agendes\u201d. El dia que els hi anava b\u00e9 a ells, el Munt estava ocupat; el dia que El Munt estava lliure, a el Marc i a la Mireia els era impossible. Per\u00f2 vaja, que al final ho hem aconseguit. Han vingut ara fa cosa d\u2019un mes, a finals del mes de Frebrer, i a\u00a0la sortida, no ens v\u00e0rem poder aguantar de fer-los unes quantes preguntes sobre la seva estada i avui \u00a0ho hem volgut compartir amb tots vosaltres.\u00a0Aix\u00ed doncs, aqu\u00ed unes paraules del Marc i la Mireia sobre el seu pas per casa nostra.<\/p>\n<p style=\"text-align: justify;\"><em>A primera vista, qu\u00e8 \u00e9s el qu\u00e8 us va agradar m\u00e9s del Munt?\u00a0<\/em>D\u2019una banda l\u2019entorn i la tranquillitat absoluta; d\u2019altra banda la casa en si, la decoraci\u00f3 est\u00e0 molt cuidada i integrada en l\u2019entorn.<\/p>\n<p style=\"text-align: justify;\"><em>I a la sortida, quines sensacions i records us v\u00e0reu emportar del vostre pas pel Munt?\u00a0<\/em>V\u00e0rem passar\u00a0un cap de setmana rom\u00e0ntic i de desconnexi\u00f3 total, un cap de setmana molt especial. La casa, a m\u00e9s d\u2019acollidora, c\u00e0lida. No v\u00e0rem tenir gens de fred, tot i ser a finals de Febrer. La casa ofereix totes les comoditats necess\u00e0ries per a passar-hi uns dies d\u2019hivern. A m\u00e9s, el tracte de la fam\u00edlia Niub\u00f2 va ser molt amable en tot moment, i al restaurant del poble tamb\u00e9 ens hi v\u00e0rem sentir molt a gust. Cap de setmana rod\u00f3!<\/p>\n<p style=\"text-align: justify;\"><em>Alguna aventura divertida durant l\u2019estada?\u00a0<\/em>La nit de dissabte vol\u00edem encendre la llar de foc, i com que nom\u00e9s hi havia troncs gruixuts no hi havia manera, aix\u00ed que finalment vam decidir abrigar-nos i anar a buscar tronquets petits al bosquet de darrera la piscina amb la llanterna del m\u00f2bil. Un show!<\/p>\n<p style=\"text-align: justify;\"><em>Com sempre, es pot millorar, i qu\u00e8 millor que demanar-ho als nostre clients?<\/em> Marc i Mireia, qu\u00e8 millorar\u00edeu de la casa el Munt?\u00a0Hi ha zones de la casa amb terra radiant, cosa s\u00faper comfortable a l\u2019hivern. Potser ampliar\u00edem el terra radiant a tota la casa. Ara b\u00e9, per la resta, tot fant\u00e0stic. No canviariem res m\u00e9s.<\/p>\n<p style=\"text-align: justify;\"><em>Si l\u2019haguessiu de recomanar, com la definirieu amb quatre paraules?\u00a0<\/em>\u00c9s una casa maca, neta, tranquila i comfortable. Ideal per a grans i petits.<\/p>\n<p style=\"text-align: justify;\"><em>Quins adjectius creieu que descriuen millor el Munt?\u00a0<\/em>Acollidora, c\u00e0lida, elegant, espaiosa, i molts m\u00e9s!<\/p>\n<p style=\"text-align: justify;\"><em>Qu\u00e8 \u00e9s el qu\u00e8 us cridaria m\u00e9s l\u2019atenci\u00f3 del Munt per fer una escapadeta a l\u2019hivern?\u00a0<\/em>La tranquilitat de la muntanya, les llars de foc de la casa i la preciosa piscina climatizada qu\u00e9 t\u00e9 a l\u2019interior.<\/p>\n<p style=\"text-align: justify;\"><em>I a l\u2019estiu?<\/em>\u00a0La casa disposa d\u2019una gran extensi\u00f3 de terreny, amb piscina exterior, barbacoa, camp de futbol, \u2026 impossible avorrir-se!<\/p>\n<p style=\"text-align: justify;\"><em>Creieu que el Munt \u00e9s un dest\u00ed per a fam\u00edlies? Amics? Celebracions?<\/em>\u00a0Si en tots els casos! De fet, nosaltres ens va agradar tant que ja hem trobat la ocasi\u00f3 ideal per a tornar-hi! Aquesta Setmana Santa organitzem amb tota la fam\u00edlia un cap de setmana sorpresa per a la mare del Marc, que fa 60 anys. Segur que no s\u2019ho espera!<\/p>\n<blockquote style=\"text-align: justify;\"><p>El Marc i la Mireia sembla que han quedat contents, aquest \u00e9s el nostre principal objectiu.<\/p><\/blockquote>\n<p>I per a nosaltres, quina millor manera de quedar-ne conven\u00e7uts que ha estat aix\u00ed si ja han panificat venir pr\u00f2ximament amb tota la fam\u00edlia?\u00a0Per a nosaltres, aquesta \u00e9s una molt bona mostra de que l\u2019estada ha valgut la pena.<\/p>\n<p>[\/vc_column_text][vc_empty_space height=&#8221;80px&#8221;][\/vc_column][\/vc_row][vc_row][vc_column][vc_separator][\/vc_column][\/vc_row]<\/p>\n","protected":false},"excerpt":{"rendered":"<p>[vc_row][vc_column][vc_column_text] Ja fa uns quants dies que v\u00e0rem assistir a la Fira Nuvis a Sabadell per tal de donar a [&hellip;]<\/p>\n","protected":false},"author":1,"featured_media":12247,"comment_status":"open","ping_status":"open","sticky":false,"template":"","format":"standard","meta":{"footnotes":""},"categories":[81,205],"tags":[],"yoast_head":"<!-- This site is optimized with the Yoast SEO plugin v21.5 - https:\/\/yoast.com\/wordpress\/plugins\/seo\/ -->\n<title>GR\u00c0CIES MARC I MIREIA! - Cal Bernad\u00e0s<\/title>\n<meta name=\"robots\" content=\"index, follow, max-snippet:-1, max-image-preview:large, max-video-preview:-1\" \/>\n<link rel=\"canonical\" href=\"https:\/\/calbernadas.com\/ca\/blog\/gracies-marc-i-mireia\/\" \/>\n<meta property=\"og:locale\" content=\"ca_ES\" \/>\n<meta property=\"og:type\" content=\"article\" \/>\n<meta property=\"og:title\" content=\"GR\u00c0CIES MARC I MIREIA! - Cal Bernad\u00e0s\" \/>\n<meta property=\"og:description\" content=\"[vc_row][vc_column][vc_column_text] Ja fa uns quants dies que v\u00e0rem assistir a la Fira Nuvis a Sabadell per tal de donar a [&hellip;]\" \/>\n<meta property=\"og:url\" content=\"https:\/\/calbernadas.com\/ca\/blog\/gracies-marc-i-mireia\/\" \/>\n<meta property=\"og:site_name\" content=\"Cal Bernad\u00e0s\" \/>\n<meta property=\"article:publisher\" content=\"https:\/\/www.facebook.com\/calbernadas\" \/>\n<meta property=\"article:published_time\" content=\"2014-03-25T02:52:32+00:00\" \/>\n<meta property=\"article:modified_time\" content=\"2017-08-21T15:05:28+00:00\" \/>\n<meta property=\"og:image\" content=\"https:\/\/calbernadas.com\/wp-content\/uploads\/2016\/10\/20140326-BLOC.jpg\" \/>\n\t<meta property=\"og:image:width\" content=\"875\" \/>\n\t<meta property=\"og:image:height\" content=\"468\" \/>\n\t<meta property=\"og:image:type\" content=\"image\/jpeg\" \/>\n<meta name=\"author\" content=\"admin\" \/>\n<meta name=\"twitter:card\" content=\"summary_large_image\" \/>\n<meta name=\"twitter:creator\" content=\"@calbernadas\" \/>\n<meta name=\"twitter:site\" content=\"@calbernadas\" \/>\n<meta name=\"twitter:label1\" content=\"Escrit per\" \/>\n\t<meta name=\"twitter:data1\" content=\"admin\" \/>\n\t<meta name=\"twitter:label2\" content=\"Temps estimat de lectura\" \/>\n\t<meta name=\"twitter:data2\" content=\"4 minuts\" \/>\n<script type=\"application\/ld+json\" class=\"yoast-schema-graph\">{\"@context\":\"https:\/\/schema.org\",\"@graph\":[{\"@type\":\"Article\",\"@id\":\"https:\/\/calbernadas.com\/ca\/blog\/gracies-marc-i-mireia\/#article\",\"isPartOf\":{\"@id\":\"https:\/\/calbernadas.com\/ca\/blog\/gracies-marc-i-mireia\/\"},\"author\":{\"name\":\"admin\",\"@id\":\"https:\/\/calbernadas.com\/ca\/#\/schema\/person\/46093f07ff08bb892ace34b313f5c126\"},\"headline\":\"GR\u00c0CIES MARC I MIREIA!\",\"datePublished\":\"2014-03-25T02:52:32+00:00\",\"dateModified\":\"2017-08-21T15:05:28+00:00\",\"mainEntityOfPage\":{\"@id\":\"https:\/\/calbernadas.com\/ca\/blog\/gracies-marc-i-mireia\/\"},\"wordCount\":732,\"commentCount\":0,\"publisher\":{\"@id\":\"https:\/\/calbernadas.com\/ca\/#organization\"},\"articleSection\":[\"Turisme rural\",\"Turisme rural_el Munt\"],\"inLanguage\":\"ca\"},{\"@type\":\"WebPage\",\"@id\":\"https:\/\/calbernadas.com\/ca\/blog\/gracies-marc-i-mireia\/\",\"url\":\"https:\/\/calbernadas.com\/ca\/blog\/gracies-marc-i-mireia\/\",\"name\":\"GR\u00c0CIES MARC I MIREIA! - Cal Bernad\u00e0s\",\"isPartOf\":{\"@id\":\"https:\/\/calbernadas.com\/ca\/#website\"},\"datePublished\":\"2014-03-25T02:52:32+00:00\",\"dateModified\":\"2017-08-21T15:05:28+00:00\",\"breadcrumb\":{\"@id\":\"https:\/\/calbernadas.com\/ca\/blog\/gracies-marc-i-mireia\/#breadcrumb\"},\"inLanguage\":\"ca\",\"potentialAction\":[{\"@type\":\"ReadAction\",\"target\":[\"https:\/\/calbernadas.com\/ca\/blog\/gracies-marc-i-mireia\/\"]}]},{\"@type\":\"BreadcrumbList\",\"@id\":\"https:\/\/calbernadas.com\/ca\/blog\/gracies-marc-i-mireia\/#breadcrumb\",\"itemListElement\":[{\"@type\":\"ListItem\",\"position\":1,\"name\":\"Portada\",\"item\":\"https:\/\/calbernadas.com\/ca\/\"},{\"@type\":\"ListItem\",\"position\":2,\"name\":\"GR\u00c0CIES MARC I MIREIA!\"}]},{\"@type\":\"WebSite\",\"@id\":\"https:\/\/calbernadas.com\/ca\/#website\",\"url\":\"https:\/\/calbernadas.com\/ca\/\",\"name\":\"Cal Bernad\u00e0s\",\"description\":\"Turisme rural\",\"publisher\":{\"@id\":\"https:\/\/calbernadas.com\/ca\/#organization\"},\"potentialAction\":[{\"@type\":\"SearchAction\",\"target\":{\"@type\":\"EntryPoint\",\"urlTemplate\":\"https:\/\/calbernadas.com\/ca\/?s={search_term_string}\"},\"query-input\":\"required name=search_term_string\"}],\"inLanguage\":\"ca\"},{\"@type\":\"Organization\",\"@id\":\"https:\/\/calbernadas.com\/ca\/#organization\",\"name\":\"Cal Bernad\u00e0s\",\"url\":\"https:\/\/calbernadas.com\/ca\/\",\"logo\":{\"@type\":\"ImageObject\",\"inLanguage\":\"ca\",\"@id\":\"https:\/\/calbernadas.com\/ca\/#\/schema\/logo\/image\/\",\"url\":\"https:\/\/calbernadas.com\/wp-content\/uploads\/2017\/03\/logo_calbernadas2.png\",\"contentUrl\":\"https:\/\/calbernadas.com\/wp-content\/uploads\/2017\/03\/logo_calbernadas2.png\",\"width\":169,\"height\":156,\"caption\":\"Cal Bernad\u00e0s\"},\"image\":{\"@id\":\"https:\/\/calbernadas.com\/ca\/#\/schema\/logo\/image\/\"},\"sameAs\":[\"https:\/\/www.facebook.com\/calbernadas\",\"https:\/\/twitter.com\/calbernadas\",\"https:\/\/instagram.com\/calbernadas\/\",\"http:\/\/www.youtube.es\/calbernadas\"]},{\"@type\":\"Person\",\"@id\":\"https:\/\/calbernadas.com\/ca\/#\/schema\/person\/46093f07ff08bb892ace34b313f5c126\",\"name\":\"admin\",\"image\":{\"@type\":\"ImageObject\",\"inLanguage\":\"ca\",\"@id\":\"https:\/\/calbernadas.com\/ca\/#\/schema\/person\/image\/\",\"url\":\"https:\/\/secure.gravatar.com\/avatar\/aeeb8379a9b592e498740f09863f0d96?s=96&d=mm&r=g\",\"contentUrl\":\"https:\/\/secure.gravatar.com\/avatar\/aeeb8379a9b592e498740f09863f0d96?s=96&d=mm&r=g\",\"caption\":\"admin\"},\"url\":\"https:\/\/calbernadas.com\/ca\/blog\/author\/admin\/\"}]}<\/script>\n<!-- \/ Yoast SEO plugin. -->","yoast_head_json":{"title":"GR\u00c0CIES MARC I MIREIA! - Cal Bernad\u00e0s","robots":{"index":"index","follow":"follow","max-snippet":"max-snippet:-1","max-image-preview":"max-image-preview:large","max-video-preview":"max-video-preview:-1"},"canonical":"https:\/\/calbernadas.com\/ca\/blog\/gracies-marc-i-mireia\/","og_locale":"ca_ES","og_type":"article","og_title":"GR\u00c0CIES MARC I MIREIA! - Cal Bernad\u00e0s","og_description":"[vc_row][vc_column][vc_column_text] Ja fa uns quants dies que v\u00e0rem assistir a la Fira Nuvis a Sabadell per tal de donar a [&hellip;]","og_url":"https:\/\/calbernadas.com\/ca\/blog\/gracies-marc-i-mireia\/","og_site_name":"Cal Bernad\u00e0s","article_publisher":"https:\/\/www.facebook.com\/calbernadas","article_published_time":"2014-03-25T02:52:32+00:00","article_modified_time":"2017-08-21T15:05:28+00:00","og_image":[{"width":875,"height":468,"url":"https:\/\/calbernadas.com\/wp-content\/uploads\/2016\/10\/20140326-BLOC.jpg","type":"image\/jpeg"}],"author":"admin","twitter_card":"summary_large_image","twitter_creator":"@calbernadas","twitter_site":"@calbernadas","twitter_misc":{"Escrit per":"admin","Temps estimat de lectura":"4 minuts"},"schema":{"@context":"https:\/\/schema.org","@graph":[{"@type":"Article","@id":"https:\/\/calbernadas.com\/ca\/blog\/gracies-marc-i-mireia\/#article","isPartOf":{"@id":"https:\/\/calbernadas.com\/ca\/blog\/gracies-marc-i-mireia\/"},"author":{"name":"admin","@id":"https:\/\/calbernadas.com\/ca\/#\/schema\/person\/46093f07ff08bb892ace34b313f5c126"},"headline":"GR\u00c0CIES MARC I MIREIA!","datePublished":"2014-03-25T02:52:32+00:00","dateModified":"2017-08-21T15:05:28+00:00","mainEntityOfPage":{"@id":"https:\/\/calbernadas.com\/ca\/blog\/gracies-marc-i-mireia\/"},"wordCount":732,"commentCount":0,"publisher":{"@id":"https:\/\/calbernadas.com\/ca\/#organization"},"articleSection":["Turisme rural","Turisme rural_el Munt"],"inLanguage":"ca"},{"@type":"WebPage","@id":"https:\/\/calbernadas.com\/ca\/blog\/gracies-marc-i-mireia\/","url":"https:\/\/calbernadas.com\/ca\/blog\/gracies-marc-i-mireia\/","name":"GR\u00c0CIES MARC I MIREIA! - Cal Bernad\u00e0s","isPartOf":{"@id":"https:\/\/calbernadas.com\/ca\/#website"},"datePublished":"2014-03-25T02:52:32+00:00","dateModified":"2017-08-21T15:05:28+00:00","breadcrumb":{"@id":"https:\/\/calbernadas.com\/ca\/blog\/gracies-marc-i-mireia\/#breadcrumb"},"inLanguage":"ca","potentialAction":[{"@type":"ReadAction","target":["https:\/\/calbernadas.com\/ca\/blog\/gracies-marc-i-mireia\/"]}]},{"@type":"BreadcrumbList","@id":"https:\/\/calbernadas.com\/ca\/blog\/gracies-marc-i-mireia\/#breadcrumb","itemListElement":[{"@type":"ListItem","position":1,"name":"Portada","item":"https:\/\/calbernadas.com\/ca\/"},{"@type":"ListItem","position":2,"name":"GR\u00c0CIES MARC I MIREIA!"}]},{"@type":"WebSite","@id":"https:\/\/calbernadas.com\/ca\/#website","url":"https:\/\/calbernadas.com\/ca\/","name":"Cal Bernad\u00e0s","description":"Turisme rural","publisher":{"@id":"https:\/\/calbernadas.com\/ca\/#organization"},"potentialAction":[{"@type":"SearchAction","target":{"@type":"EntryPoint","urlTemplate":"https:\/\/calbernadas.com\/ca\/?s={search_term_string}"},"query-input":"required name=search_term_string"}],"inLanguage":"ca"},{"@type":"Organization","@id":"https:\/\/calbernadas.com\/ca\/#organization","name":"Cal Bernad\u00e0s","url":"https:\/\/calbernadas.com\/ca\/","logo":{"@type":"ImageObject","inLanguage":"ca","@id":"https:\/\/calbernadas.com\/ca\/#\/schema\/logo\/image\/","url":"https:\/\/calbernadas.com\/wp-content\/uploads\/2017\/03\/logo_calbernadas2.png","contentUrl":"https:\/\/calbernadas.com\/wp-content\/uploads\/2017\/03\/logo_calbernadas2.png","width":169,"height":156,"caption":"Cal Bernad\u00e0s"},"image":{"@id":"https:\/\/calbernadas.com\/ca\/#\/schema\/logo\/image\/"},"sameAs":["https:\/\/www.facebook.com\/calbernadas","https:\/\/twitter.com\/calbernadas","https:\/\/instagram.com\/calbernadas\/","http:\/\/www.youtube.es\/calbernadas"]},{"@type":"Person","@id":"https:\/\/calbernadas.com\/ca\/#\/schema\/person\/46093f07ff08bb892ace34b313f5c126","name":"admin","image":{"@type":"ImageObject","inLanguage":"ca","@id":"https:\/\/calbernadas.com\/ca\/#\/schema\/person\/image\/","url":"https:\/\/secure.gravatar.com\/avatar\/aeeb8379a9b592e498740f09863f0d96?s=96&d=mm&r=g","contentUrl":"https:\/\/secure.gravatar.com\/avatar\/aeeb8379a9b592e498740f09863f0d96?s=96&d=mm&r=g","caption":"admin"},"url":"https:\/\/calbernadas.com\/ca\/blog\/author\/admin\/"}]}},"_links":{"self":[{"href":"https:\/\/calbernadas.com\/ca\/wp-json\/wp\/v2\/posts\/12245"}],"collection":[{"href":"https:\/\/calbernadas.com\/ca\/wp-json\/wp\/v2\/posts"}],"about":[{"href":"https:\/\/calbernadas.com\/ca\/wp-json\/wp\/v2\/types\/post"}],"author":[{"embeddable":true,"href":"https:\/\/calbernadas.com\/ca\/wp-json\/wp\/v2\/users\/1"}],"replies":[{"embeddable":true,"href":"https:\/\/calbernadas.com\/ca\/wp-json\/wp\/v2\/comments?post=12245"}],"version-history":[{"count":3,"href":"https:\/\/calbernadas.com\/ca\/wp-json\/wp\/v2\/posts\/12245\/revisions"}],"predecessor-version":[{"id":19041,"href":"https:\/\/calbernadas.com\/ca\/wp-json\/wp\/v2\/posts\/12245\/revisions\/19041"}],"wp:featuredmedia":[{"embeddable":true,"href":"https:\/\/calbernadas.com\/ca\/wp-json\/wp\/v2\/media\/12247"}],"wp:attachment":[{"href":"https:\/\/calbernadas.com\/ca\/wp-json\/wp\/v2\/media?parent=12245"}],"wp:term":[{"taxonomy":"category","embeddable":true,"href":"https:\/\/calbernadas.com\/ca\/wp-json\/wp\/v2\/categories?post=12245"},{"taxonomy":"post_tag","embeddable":true,"href":"https:\/\/calbernadas.com\/ca\/wp-json\/wp\/v2\/tags?post=12245"}],"curies":[{"name":"wp","href":"https:\/\/api.w.org\/{rel}","templated":true}]}}